{"id":640871,"date":"2026-01-04T18:22:11","date_gmt":"2026-01-04T18:22:11","guid":{"rendered":"https:\/\/www.europesays.com\/fr\/640871\/"},"modified":"2026-01-04T18:22:11","modified_gmt":"2026-01-04T18:22:11","slug":"mercato-yvann-macon-quitte-lasse","status":"publish","type":"post","link":"https:\/\/www.europesays.com\/fr\/640871\/","title":{"rendered":"Mercato : Yvann Ma\u00e7on quitte l&rsquo;ASSE"},"content":{"rendered":"<p data-start=\"42\" data-end=\"367\"><strong>C\u2019est d\u00e9sormais officiel : <a href=\"https:\/\/peuple-vert.fr\/joueurs\/yvann-macon\/\" target=\"_blank\" rel=\"noopener\">Yvann Ma\u00e7on<\/a> quitte l\u2019AS Saint-\u00c9tienne et s\u2019engage avec l\u2019AEL Larissa. Arriv\u00e9 dans le Forez avec l\u2019ambition de s\u2019imposer durablement, le lat\u00e9ral guadeloup\u00e9en tourne une page marqu\u00e9e par les blessures, les occasions manqu\u00e9es et une place progressivement r\u00e9duite dans le projet sportif st\u00e9phanois.<\/strong><\/p>\n<p data-start=\"369\" data-end=\"884\">Form\u00e9 hors du centre de formation, Yvann Ma\u00e7on avait rejoint l\u2019AS Saint-\u00c9tienne avec un profil appr\u00e9ci\u00e9 pour sa polyvalence et ses qualit\u00e9s athl\u00e9tiques. Capable d\u2019\u00e9voluer sur les deux c\u00f4t\u00e9s de la d\u00e9fense, il incarnait une option moderne au poste de lat\u00e9ral. Mais son passage \u00e0 l\u2019ASSE n\u2019aura jamais trouv\u00e9 la continuit\u00e9 esp\u00e9r\u00e9e. Entre p\u00e9riodes de pr\u00eats, concurrence accrue et difficult\u00e9s physiques, le joueur n\u2019est jamais parvenu \u00e0 s\u2019installer durablement dans le onze.<\/p>\n<p data-start=\"932\" data-end=\"1390\">La saison pass\u00e9e a constitu\u00e9 un tournant d\u00e9licat. Touch\u00e9 au m\u00e9nisque, il a d\u00fb subir une op\u00e9ration qui l\u2019a \u00e9loign\u00e9 des terrains pendant plusieurs semaines. Cette indisponibilit\u00e9 a fortement pes\u00e9 sur sa dynamique, au moment m\u00eame o\u00f9 l\u2019ASSE entamait une nouvelle phase de reconstruction. \u00c0 son retour, le lat\u00e9ral a pein\u00e9 \u00e0 retrouver du rythme et \u00e0 regagner la confiance du staff.<\/p>\n<p>Un d\u00e9part avort\u00e9 qui a chang\u00e9 la donne<\/p>\n<p data-start=\"1435\" data-end=\"1954\">L\u2019\u00e9t\u00e9 dernier, un transfert semblait pourtant devoir acter la fin de son aventure st\u00e9phanoise. Un accord avait \u00e9t\u00e9 trouv\u00e9 avec le Servette FC, et <a href=\"https:\/\/peuple-vert.fr\/asse-actualite\/mercato-asse-retournement-de-situation-pour-macon\/\" target=\"_blank\" rel=\"noopener\">Ma\u00e7on s\u2019\u00e9tait rendu \u00e0 Gen\u00e8ve pour finaliser son arriv\u00e9e<\/a>. Mais la visite m\u00e9dicale n\u2019a pas permis de valider le dossier. En raison de r\u00e9serves li\u00e9es \u00e0 son historique physique, le club suisse a renonc\u00e9 \u00e0 conclure le transfert. Ce retour forc\u00e9 \u00e0 Saint-\u00c9tienne a laiss\u00e9 le joueur dans une situation inconfortable, sans perspective claire \u00e0 court terme.<\/p>\n<p data-start=\"1995\" data-end=\"2477\">La pr\u00e9paration estivale et le d\u00e9but de la saison 2025-2026 ont confirm\u00e9 ce d\u00e9classement progressif. \u00c9cart\u00e9 du groupe lors du stage \u00e0 Aix-les-Bains, Ma\u00e7on n\u2019entrait plus r\u00e9ellement dans les plans d\u2019Eirik Horneland. Son temps de jeu est rest\u00e9 tr\u00e8s limit\u00e9, avec seulement quelques apparitions toutes comp\u00e9titions confondues et une unique titularisation face au Mans. Malgr\u00e9 un contrat courant jusqu\u2019en 2027, son r\u00f4le s\u2019est r\u00e9duit \u00e0 une pr\u00e9sence marginale, loin des ambitions initiales.<\/p>\n<p>Un nouveau d\u00e9part en Gr\u00e8ce<\/p>\n<p data-start=\"2510\" data-end=\"2898\">Le lat\u00e9ral rebondit d\u00e9sormais en Gr\u00e8ce, o\u00f9 il s\u2019engage avec l\u2019AEL Larissa. Ce transfert marque un nouveau d\u00e9part pour Ma\u00e7on, qui retrouvera un environnement propice \u00e0 la relance et \u00e0 la r\u00e9gularit\u00e9. Pour l\u2019ASSE, ce mouvement permet d\u2019all\u00e9ger l\u2019effectif et de clarifier la hi\u00e9rarchie d\u00e9fensive, tout en tournant d\u00e9finitivement la page d\u2019un dossier devenu complexe pour un joueur qui \u00e9tait sous contrat jusqu&rsquo;en 2027.<\/p>\n<p data-start=\"2900\" data-end=\"3175\">Ce d\u00e9part s\u2019inscrit dans une logique coh\u00e9rente pour les deux parties. Yvann Ma\u00e7on obtient l\u2019opportunit\u00e9 de relancer sa carri\u00e8re dans un championnat diff\u00e9rent, tandis que le club st\u00e9phanois poursuit son travail de restructuration, en ad\u00e9quation avec son projet sportif actuel.<\/p>\n<p>Ma\u00e7on rejoint un club grec : Communiqu\u00e9 <a href=\"https:\/\/www.aelfc.gr\/2026\/01\/paiktis-tis-pae-ael-novibet-o-ivan-mason\/\" target=\"_blank\" rel=\"noopener\">du club <\/a><\/p>\n<p>L&rsquo;AEL Novibet FC annonce l&rsquo;arriv\u00e9e du d\u00e9fenseur Yvann Ma\u00e7on, 27 ans, en provenance de Saint-\u00c9tienne. Ce lat\u00e9ral droit fran\u00e7ais (n\u00e9 en Guadeloupe) \u00e9volue avec aisance sur les deux ailes et a sign\u00e9 un contrat avec notre \u00e9quipe jusqu&rsquo;\u00e0 la fin de la saison.<br \/>Form\u00e9 \u00e0 Dunkerque, il a rejoint Saint-\u00c9tienne en janvier 2020. Il a disput\u00e9 85 matchs avec les Verts, inscrivant 5 buts et d\u00e9livrant 3 passes d\u00e9cisives, en Ligue 1 et en Conference League. Il a \u00e9galement \u00e9t\u00e9 pr\u00eat\u00e9 une saison au Paris FC.<br \/>\u00c0 l&rsquo;\u00e9tranger, il a \u00e9volu\u00e9 en Isra\u00ebl et au Maccabi Tel Aviv, marquant 1 but et d\u00e9livrant 1 passe d\u00e9cisive en 13 rencontres. Au total, il compte 172 apparitions, 8 buts et 8 passes d\u00e9cisives en carri\u00e8re.<br \/>Il compte \u00e9galement 5 s\u00e9lections en \u00e9quipe de Guadeloupe et 3 s\u00e9lections en \u00e9quipe de France Espoirs.<\/p>\n<p>L&rsquo;AEL Novibet FC souhaite la bienvenue \u00e0 Yvann Ma\u00e7on au sein de son \u00e9quipe et lui souhaite beaucoup de succ\u00e8s sous le maillot du club.<\/p>\n","protected":false},"excerpt":{"rendered":"C\u2019est d\u00e9sormais officiel : Yvann Ma\u00e7on quitte l\u2019AS Saint-\u00c9tienne et s\u2019engage avec l\u2019AEL Larissa. Arriv\u00e9 dans le Forez&hellip;\n","protected":false},"author":2,"featured_media":453195,"comment_status":"","ping_status":"","sticky":false,"template":"","format":"standard","meta":{"footnotes":""},"categories":[9653],"tags":[1111,11,2430,1777,674,1011,27,12,25,4001],"class_list":{"0":"post-640871","1":"post","2":"type-post","3":"status-publish","4":"format-standard","5":"has-post-thumbnail","7":"category-saint-etienne","8":"tag-actu","9":"tag-actualites","10":"tag-auvergne-rhone-alpes","11":"tag-eu","12":"tag-europe","13":"tag-fr","14":"tag-france","15":"tag-news","16":"tag-republique-francaise","17":"tag-saint-etienne"},"share_on_mastodon":{"url":"https:\/\/pubeurope.com\/@fr\/115838225259601756","error":""},"_links":{"self":[{"href":"https:\/\/www.europesays.com\/fr\/wp-json\/wp\/v2\/posts\/640871","targetHints":{"allow":["GET"]}}],"collection":[{"href":"https:\/\/www.europesays.com\/fr\/wp-json\/wp\/v2\/posts"}],"about":[{"href":"https:\/\/www.europesays.com\/fr\/wp-json\/wp\/v2\/types\/post"}],"author":[{"embeddable":true,"href":"https:\/\/www.europesays.com\/fr\/wp-json\/wp\/v2\/users\/2"}],"replies":[{"embeddable":true,"href":"https:\/\/www.europesays.com\/fr\/wp-json\/wp\/v2\/comments?post=640871"}],"version-history":[{"count":0,"href":"https:\/\/www.europesays.com\/fr\/wp-json\/wp\/v2\/posts\/640871\/revisions"}],"wp:featuredmedia":[{"embeddable":true,"href":"https:\/\/www.europesays.com\/fr\/wp-json\/wp\/v2\/media\/453195"}],"wp:attachment":[{"href":"https:\/\/www.europesays.com\/fr\/wp-json\/wp\/v2\/media?parent=640871"}],"wp:term":[{"taxonomy":"category","embeddable":true,"href":"https:\/\/www.europesays.com\/fr\/wp-json\/wp\/v2\/categories?post=640871"},{"taxonomy":"post_tag","embeddable":true,"href":"https:\/\/www.europesays.com\/fr\/wp-json\/wp\/v2\/tags?post=640871"}],"curies":[{"name":"wp","href":"https:\/\/api.w.org\/{rel}","templated":true}]}}