{"id":640874,"date":"2026-01-04T18:25:33","date_gmt":"2026-01-04T18:25:33","guid":{"rendered":"https:\/\/www.europesays.com\/fr\/640874\/"},"modified":"2026-01-04T18:25:33","modified_gmt":"2026-01-04T18:25:33","slug":"football-le-retour-du-capitaine-des-jeunes-qui-conservent-leur-place-decouvrez-le-groupe-de-las-nancy-lorraine-pour-le-voyage-a-amiens","status":"publish","type":"post","link":"https:\/\/www.europesays.com\/fr\/640874\/","title":{"rendered":"Football. Le retour du capitaine, des jeunes qui conservent leur place\u2026 D\u00e9couvrez le groupe de l\u2019AS Nancy Lorraine pour le voyage \u00e0 Amiens"},"content":{"rendered":"<p>L\u2019effectif est quasiment au complet. Du coup, cela fait pas mal de joueurs dans la cat\u00e9gorie \u00ab\u00a0choix de l\u2019entra\u00eeneur\u00a0\u00bb parce que <a href=\"https:\/\/www.estrepublicain.fr\/p\/pablo-correa\" target=\"_blank\" rel=\"noopener\">Pablo Correa<\/a> , depuis quelque temps, a ouvert le groupe \u00e0 des jeunes de la r\u00e9serve qui ont su saisir leur chance. Enzo Tacafred, Matth\u00e9o Guendez et Hugo Barbier font ainsi partie du voyage \u00e0 Amiens.<\/p>\n<p><strong>Le groupe nanc\u00e9ien\u00a0:<\/strong> Basilio, Lembet, Carlier, Saint-Ruf, Fernandez, Mendy, Bamba, Julloux, Tacafred, G\u00e9lin, Bouriaud, Barbier, Jimmy, Exp\u00e9rience, Guendez, Bouabdeli, Dabasse, Fdaouch<\/p>\n<p>Absents\u00a0: Nahounou, Suljic, Ouotro, Ztouti, Camara, Sidib\u00e9, Maouassa (choix), Sourzac, No\u00ebl (bless\u00e9s).<\/p>\n","protected":false},"excerpt":{"rendered":"L\u2019effectif est quasiment au complet. Du coup, cela fait pas mal de joueurs dans la cat\u00e9gorie \u00ab\u00a0choix de&hellip;\n","protected":false},"author":2,"featured_media":640875,"comment_status":"","ping_status":"","sticky":false,"template":"","format":"standard","meta":{"footnotes":""},"categories":[9635],"tags":[1111,11,3703,1704,1777,674,63,1011,27,775,1702,1703,12,25,517,1700],"class_list":{"0":"post-640874","1":"post","2":"type-post","3":"status-publish","4":"format-standard","5":"has-post-thumbnail","7":"category-nancy","8":"tag-actu","9":"tag-actualites","10":"tag-asnl","11":"tag-edition-nancy-et-agglomeration","12":"tag-eu","13":"tag-europe","14":"tag-football","15":"tag-fr","16":"tag-france","17":"tag-grand-est","18":"tag-nancy","19":"tag-nancy-ville-54b","20":"tag-news","21":"tag-republique-francaise","22":"tag-sport","23":"tag-sport-lorrain"},"share_on_mastodon":{"url":"https:\/\/pubeurope.com\/@fr\/115838236863911052","error":""},"_links":{"self":[{"href":"https:\/\/www.europesays.com\/fr\/wp-json\/wp\/v2\/posts\/640874","targetHints":{"allow":["GET"]}}],"collection":[{"href":"https:\/\/www.europesays.com\/fr\/wp-json\/wp\/v2\/posts"}],"about":[{"href":"https:\/\/www.europesays.com\/fr\/wp-json\/wp\/v2\/types\/post"}],"author":[{"embeddable":true,"href":"https:\/\/www.europesays.com\/fr\/wp-json\/wp\/v2\/users\/2"}],"replies":[{"embeddable":true,"href":"https:\/\/www.europesays.com\/fr\/wp-json\/wp\/v2\/comments?post=640874"}],"version-history":[{"count":0,"href":"https:\/\/www.europesays.com\/fr\/wp-json\/wp\/v2\/posts\/640874\/revisions"}],"wp:featuredmedia":[{"embeddable":true,"href":"https:\/\/www.europesays.com\/fr\/wp-json\/wp\/v2\/media\/640875"}],"wp:attachment":[{"href":"https:\/\/www.europesays.com\/fr\/wp-json\/wp\/v2\/media?parent=640874"}],"wp:term":[{"taxonomy":"category","embeddable":true,"href":"https:\/\/www.europesays.com\/fr\/wp-json\/wp\/v2\/categories?post=640874"},{"taxonomy":"post_tag","embeddable":true,"href":"https:\/\/www.europesays.com\/fr\/wp-json\/wp\/v2\/tags?post=640874"}],"curies":[{"name":"wp","href":"https:\/\/api.w.org\/{rel}","templated":true}]}}