{"id":640876,"date":"2026-01-04T18:27:14","date_gmt":"2026-01-04T18:27:14","guid":{"rendered":"https:\/\/www.europesays.com\/fr\/640876\/"},"modified":"2026-01-04T18:27:14","modified_gmt":"2026-01-04T18:27:14","slug":"top-14-tu-es-nul-va-jouer-a-la-petanque-mais-narbitre-pas-douze-ans-apres-laurent-cardona-raconte-les-coulisses-du-scandale-a-toulon","status":"publish","type":"post","link":"https:\/\/www.europesays.com\/fr\/640876\/","title":{"rendered":"Top 14 \u2013 \u00ab\u00a0Tu es nul, va jouer \u00e0 la p\u00e9tanque mais n\u2019arbitre pas\u00a0\u00bb\u00a0: douze ans apr\u00e8s Laurent Cardona raconte les coulisses du scandale \u00e0 Toulon"},"content":{"rendered":"<p>\n                Douze ans apr\u00e8s l\u2019interception, qui permettait au FCG de s\u2019imposer \u00e0 Mayol, Laurent Cardona revient sur l\u2019\u00e9norme pol\u00e9mique arbitrale qu\u2019elle avait provoqu\u00e9e. L\u2019ancien arbitre a accept\u00e9 d\u2019\u00e9voquer les raisons pour lesquelles il a choisi de raconter les coulisses de cet \u00e9pisode sur sa cha\u00eene Youtube.\n            <\/p>\n<p>\u00ab\u00a0C\u2019est un anniversaire, celui de ce fameux Toulon \u2013 Grenoble, gagn\u00e9 par les Grenoblois sur une interception de Ratini qui a fait tant d\u00e9bat\u00a0\u00bb. Voil\u00e0 comment Laurent Cardona, <strong><a href=\"https:\/\/www.rugbyrama.fr\/rugby-a-xv\/top-14\/\" target=\"_self\" rel=\"noopener\">ancien arbitre de Top 14<\/a><\/strong>, introduit la derni\u00e8re vid\u00e9o qu\u2019il a post\u00e9e sur sa cha\u00eene YouTube. L\u2019actuel entra\u00eeneur de Soyaux-Angoul\u00eame \u00e9voque ici un match qu\u2019il avait arbitr\u00e9 en 2014 et plus pr\u00e9cis\u00e9ment une action qui avait fait \u00e9norm\u00e9ment parler \u00e0 l\u2019\u00e9poque. Il d\u00e9coupe son r\u00e9cit en trois chapitres en commen\u00e7ant par d\u00e9tailler l\u2019action en question. \u00ab\u00a0Cette vid\u00e9o \u00e9tait importante pour moi car finalement je n\u2019avais jamais vraiment eu l\u2019opportunit\u00e9 et le droit de m\u2019exprimer sur le sujet\u00a0\u00bb assure Laurent Cardona, ce dimanche, avant de poursuivre\u00a0: \u00ab\u00a0J\u2019\u00e9tais censur\u00e9\u00a0par ma fonction d\u2019arbitre. Aujourd\u2019hui, j\u2019ai voulu raconter le rugby \u00e0 travers ma fa\u00e7on de voir les choses.\u00a0\u00bb\u00a0Pour rappel, alors que les Toulonnais \u00e9taient\u00a0dans l\u2019avanc\u00e9e, Laurent Cardona donnait un avantage suite \u00e0 une faute grenobloise dans un maul. Plusieurs temps de jeu plus tard, il d\u00e9cidait de retirer l\u2019avantage. Le RCT ne parvenant pas \u00e0 revenir dans le match, cette d\u00e9cision offrait finalement la victoire aux Grenoblois.<\/p>\n<p>Le terrible message de Bernard Laporte<\/p>\n<p>Une d\u00e9cision incompr\u00e9hensible et insupportable pour les Toulonnais. Avec le recul, l\u2019ancien arbitre avoue\u00a0: \u00ab\u00a0Avec beaucoup plus d\u2019exp\u00e9rience, il aurait peut-\u00eatre fallu revenir sur cette situation, m\u00eame si j\u2019avais d\u00e9cid\u00e9 que l\u2019avantage \u00e9tait termin\u00e9. Des ann\u00e9es plus tard, on peut consid\u00e9rer que l\u2019avantage s\u2019est retourn\u00e9 contre Toulon. Aujourd\u2019hui, je peux le dire, mais \u00e0 l\u2019\u00e9poque j\u2019\u00e9tais sur ma v\u00e9rit\u00e9 et\u00a0\u00e7a ne se faisait pas de revenir sur un avantage termin\u00e9. Maintenant, avec la vid\u00e9o, tout est diff\u00e9rent.\u00a0\u00bb Une situation qui a sans doute permis de faire \u00e9voluer l\u2019arbitrage dans les ann\u00e9es suivantes car pour Laurent Cardona, c\u2019est bien\u00a0\u00ab\u00a0le clash qui a chang\u00e9 l\u2019histoire du rugby\u00a0\u00bb.<\/p>\n<p>\u00c0 l\u2019issue de cette rencontre, Bernard Laporte, <strong><a href=\"https:\/\/www.rugbyrama.fr\/equipe\/rugby-club-toulonnais\/\" target=\"_self\" rel=\"noopener\">qui \u00e9tait manager du RCT<\/a><\/strong> au moment des faits, laissait un message vocal \u00e0 Laurent Cardona qui\u00a0en d\u00e9voile des extraits\u00a0: \u00ab\u00a0Il faut que tu arr\u00eates d\u2019arbitrer. Je te le dis simplement. Il y a des ministres qui d\u00e9missionnent parce qu\u2019ils ne sont pas au niveau, je te le dis, il faut que tu d\u00e9missionnes. Si ta femme s\u2019est faite baiser par un Toulonnais il faut que tu nous le dises, nous, on n\u2019y est pour rien. Tu es nul. Va jouer \u00e0 la p\u00e9tanque, fais autre chose mais n\u2019arbitre pas. C\u2019est path\u00e9tique ton match. Tu te rends compte comme c\u2019est grave ce que tu as fait aujourd\u2019hui\u00a0\u00bb d\u00e9bite l\u2019ancien s\u00e9lectionneur du XV de France, avant de conclure\u00a0: \u00ab\u00a0Tu me rappelles quand tu veux\u00a0\u00bb.<\/p>\n<blockquote><p>\nC\u2019est clair que cela m\u2019a atteint, c\u2019\u00e9tait horrible \u00e0 vivre\u00a0\u00bb\n<\/p><\/blockquote>\n<p>Un message vocal qui avait forc\u00e9ment touch\u00e9 Laurent Cardona, qui \u00e9tait \u00e0 l\u2019\u00e9poque, encore un arbitre pas tr\u00e8s exp\u00e9riment\u00e9 \u00e0 ce niveau\u00a0: \u00ab\u00a0Je n\u2019ai pas trop l\u2019habitude de m\u2019\u00e9crouler devant les premi\u00e8res difficult\u00e9s, m\u00eame si celle-ci semblait tr\u00e8s haute. Cet \u00e9pisode-l\u00e0 m\u2019a fait du mal, je dirais qu\u2019il m\u2019a touch\u00e9, mais pas coul\u00e9. C\u2019est clair que cela m\u2019a atteint, c\u2019\u00e9tait horrible \u00e0 vivre\u00a0\u00bb.\u00a0Et s\u2019il s\u2019est enfin autoris\u00e9 \u00e0 raconter sa v\u00e9rit\u00e9, c\u2019est aussi parce qu\u2019il est aujourd\u2019hui en tr\u00e8s bons termes avec l\u2019actuel directeur du rugby de Montpellier\u00a0: \u00ab\u00a0J\u2019ai bien s\u00fbr pr\u00e9venu Bernard Laporte\u00a0! Je ne me voyais pas extraire un message priv\u00e9 sans lui demander son accord. Il a d\u2019ailleurs ador\u00e9 la vid\u00e9o. C\u2019est un \u00e9pilogue heureux, une belle histoire. Apr\u00e8s mon dernier match \u00e0 Toulon, Mourad Boudjellal\u00a0m\u2019avait m\u00eame fait une vid\u00e9o pour me remercier de ce match \u00e0 Toulon. Pour lui, c\u2019est en partie ce qui a permis aux Toulonnais d\u2019\u00eatre double champions cette ann\u00e9e-l\u00e0.\u00a0\u00bb<\/p>\n<p>Une\u00a0vid\u00e9o qui n\u2019est que la premi\u00e8re d\u2019une s\u00e9rie qui sera d\u00e9voil\u00e9e au cours des prochains mois\u00a0: \u00ab\u00a0Pendant les six prochains mois, je vais publier des vid\u00e9os comme celle-ci. Sans mettre en porte-\u00e0-faux mon club, bien s\u00fbr. \u00c7a ne sera pas forc\u00e9ment sur le m\u00eame th\u00e8me, je suis en train d\u2019y r\u00e9fl\u00e9chir, il y aura beaucoup d\u2019autres th\u00e8mes abord\u00e9s\u00a0\u00bb glisse en guise de conclusion Laurent Cardona.<\/p>\n","protected":false},"excerpt":{"rendered":"Douze ans apr\u00e8s l\u2019interception, qui permettait au FCG de s\u2019imposer \u00e0 Mayol, Laurent Cardona revient sur l\u2019\u00e9norme pol\u00e9mique&hellip;\n","protected":false},"author":2,"featured_media":640877,"comment_status":"","ping_status":"","sticky":false,"template":"","format":"standard","meta":{"footnotes":""},"categories":[9619],"tags":[1111,11,1777,674,1011,27,12,882,25,68796,478,2310],"class_list":{"0":"post-640876","1":"post","2":"type-post","3":"status-publish","4":"format-standard","5":"has-post-thumbnail","7":"category-toulon","8":"tag-actu","9":"tag-actualites","10":"tag-eu","11":"tag-europe","12":"tag-fr","13":"tag-france","14":"tag-news","15":"tag-provence-alpes-cote-dazur","16":"tag-republique-francaise","17":"tag-rugby-u00e0-xv","18":"tag-top-14","19":"tag-toulon"},"share_on_mastodon":{"url":"https:\/\/pubeurope.com\/@fr\/115838244825817063","error":""},"_links":{"self":[{"href":"https:\/\/www.europesays.com\/fr\/wp-json\/wp\/v2\/posts\/640876","targetHints":{"allow":["GET"]}}],"collection":[{"href":"https:\/\/www.europesays.com\/fr\/wp-json\/wp\/v2\/posts"}],"about":[{"href":"https:\/\/www.europesays.com\/fr\/wp-json\/wp\/v2\/types\/post"}],"author":[{"embeddable":true,"href":"https:\/\/www.europesays.com\/fr\/wp-json\/wp\/v2\/users\/2"}],"replies":[{"embeddable":true,"href":"https:\/\/www.europesays.com\/fr\/wp-json\/wp\/v2\/comments?post=640876"}],"version-history":[{"count":0,"href":"https:\/\/www.europesays.com\/fr\/wp-json\/wp\/v2\/posts\/640876\/revisions"}],"wp:featuredmedia":[{"embeddable":true,"href":"https:\/\/www.europesays.com\/fr\/wp-json\/wp\/v2\/media\/640877"}],"wp:attachment":[{"href":"https:\/\/www.europesays.com\/fr\/wp-json\/wp\/v2\/media?parent=640876"}],"wp:term":[{"taxonomy":"category","embeddable":true,"href":"https:\/\/www.europesays.com\/fr\/wp-json\/wp\/v2\/categories?post=640876"},{"taxonomy":"post_tag","embeddable":true,"href":"https:\/\/www.europesays.com\/fr\/wp-json\/wp\/v2\/tags?post=640876"}],"curies":[{"name":"wp","href":"https:\/\/api.w.org\/{rel}","templated":true}]}}