{"id":640890,"date":"2026-01-04T18:38:14","date_gmt":"2026-01-04T18:38:14","guid":{"rendered":"https:\/\/www.europesays.com\/fr\/640890\/"},"modified":"2026-01-04T18:38:14","modified_gmt":"2026-01-04T18:38:14","slug":"exclu-lors-de-lille-rennes-alexsandro-manquera-la-venue-de-lol","status":"publish","type":"post","link":"https:\/\/www.europesays.com\/fr\/640890\/","title":{"rendered":"Exclu lors de Lille &#8211; Rennes, Alexsandro manquera la venue de l\u2019OL"},"content":{"rendered":"<p>                            <img width=\"770\" height=\"433\" src=\"https:\/\/www.europesays.com\/fr\/wp-content\/uploads\/2026\/01\/MjAyNTExN2U1Y2VjOTEyNDBjNzZiODBhMzBhMWRmZTVmY2Y2NDQ-770x433.jpeg\" class=\"attachment-article size-article wp-post-image\" alt=\"Alexsandro d\u00e9fenseur de Lille\" decoding=\"async\" fetchpriority=\"high\"  \/><\/p>\n<p>Alexsandro d\u00e9fenseur de Lille (Photo by Matthieu Mirville \/ DPPI via AFP)<\/p>\n<p>Exclu d\u00e8s la 13e minute pour son retour avec Lille, Alexsandro n\u2019a pas pass\u00e9 beaucoup de temps sur le terrain contre Rennes. Le rouge privera le Br\u00e9silien du seizi\u00e8me de finale de Coupe de France contre l\u2019OL dimanche prochain.<\/p>\n<p>\u00c0 Monaco, la d\u00e9cision de M.\u00a0<strong>Brisard<\/strong>\u00a0a provoqu\u00e9\u00a0<a href=\"https:\/\/www.olympique-et-lyonnais.com\/ligue-1-monaco-ne-decolere-pas-contre-larbitrage-face-a-lol,387880.html\" target=\"_blank\" rel=\"noopener\">la col\u00e8re<\/a>\u00a0des dirigeants mon\u00e9gasques. S\u2019estimant flou\u00e9s par l\u2019annulation du but de Thilo\u00a0<strong>Kehrer<\/strong>, ils n\u2019ont pas h\u00e9sit\u00e9 \u00e0 monter au cr\u00e9neau devant la presse apr\u00e8s le match contre l\u2019OL. Ils n\u2019ont pas \u00e9t\u00e9 les seuls samedi \u00e0 ne pas avoir \u00e9t\u00e9 convaincus par la prestation du corps arbitral. Apr\u00e8s la fin de\u00a0<strong>Monaco &#8211; OL<\/strong>\u00a0(<a href=\"https:\/\/www.olympique-et-lyonnais.com\/solide-en-2e-periode-lol-lemporte-a-monaco-1-3,387817.html\" target=\"_blank\" rel=\"noopener\">1-3<\/a>), le match entre\u00a0<strong>Lille<\/strong>\u00a0et\u00a0<strong>Rennes<\/strong>\u00a0a aussi donn\u00e9 lieu \u00e0 une vive col\u00e8re. Celle des Lillois avec en t\u00eate Olivier\u00a0<strong>L\u00e9tang<\/strong>, le pr\u00e9sident, et Bruno\u00a0<strong>Genesio<\/strong>, le coach. En cause ? La d\u00e9cision d\u2019Eric\u00a0<strong>Wattellier<\/strong>\u00a0d\u2019exclure\u00a0<strong>Alexsandro<\/strong>\u00a0d\u00e8s la 13e minute de jeu.<\/p>\n<p>Absent depuis quatre mois \u00e0 cause d&rsquo;une blessure<\/p>\n<p>En plus d\u2019avoir oblig\u00e9 les Dogues \u00e0 jouer \u00e0 dix pendant presque tout le match et donc de s\u2019incliner 2-0, le rouge du d\u00e9fenseur br\u00e9silien entra\u00eene automatiquement son absence pour la venue de l\u2019OL. De retour \u00e0 la comp\u00e9tition apr\u00e8s quatre mois d\u2019absence, Alexsandro manquera ainsi le seizi\u00e8me de finale de Coupe de France. Un coup dur pour\u00a0<strong>Genesio<\/strong>\u00a0qui doit faire avec plusieurs absences dans ce secteur d\u00e9fensif \u00e0 cause de la CAN.<\/p>\n<p>\t\t\t\t\t<a href=\"https:\/\/www.olympique-et-lyonnais.com\/tkydg-combien-de-buts-va-marquer-endrick-en-six-mois-a-lol,387916.html\" title=\"TKYDG : combien de buts va marquer Endrick en six mois \u00e0 l&#039;OL ?\" target=\"_blank\" rel=\"noopener\"><img loading=\"lazy\" width=\"580\" height=\"326\" src=\"https:\/\/www.europesays.com\/fr\/wp-content\/uploads\/2026\/01\/AFP__20260102__89FB83J__v1__HighRes__FblFraLigue1LyonTraining-580x326.jpg\" class=\"attachment-actularge size-actularge wp-post-image\" alt=\"Endrick \u00e0 l'entra\u00eenement de l'OL\" decoding=\"async\"  \/>\t\t\t\t\t<\/a><\/p>\n","protected":false},"excerpt":{"rendered":"Alexsandro d\u00e9fenseur de Lille (Photo by Matthieu Mirville \/ DPPI via AFP) Exclu d\u00e8s la 13e minute pour&hellip;\n","protected":false},"author":2,"featured_media":640891,"comment_status":"","ping_status":"","sticky":false,"template":"","format":"standard","meta":{"footnotes":""},"categories":[2821],"tags":[1111,11,829,83,1777,674,1011,27,12,241,978,584,25],"class_list":{"0":"post-640890","1":"post","2":"type-post","3":"status-publish","4":"format-standard","5":"has-post-thumbnail","7":"category-rennes","8":"tag-actu","9":"tag-actualites","10":"tag-bretagne","11":"tag-coupe-de-france","12":"tag-eu","13":"tag-europe","14":"tag-fr","15":"tag-france","16":"tag-news","17":"tag-ol","18":"tag-olympique-lyonnais","19":"tag-rennes","20":"tag-republique-francaise"},"share_on_mastodon":{"url":"https:\/\/pubeurope.com\/@fr\/115838288164940380","error":""},"_links":{"self":[{"href":"https:\/\/www.europesays.com\/fr\/wp-json\/wp\/v2\/posts\/640890","targetHints":{"allow":["GET"]}}],"collection":[{"href":"https:\/\/www.europesays.com\/fr\/wp-json\/wp\/v2\/posts"}],"about":[{"href":"https:\/\/www.europesays.com\/fr\/wp-json\/wp\/v2\/types\/post"}],"author":[{"embeddable":true,"href":"https:\/\/www.europesays.com\/fr\/wp-json\/wp\/v2\/users\/2"}],"replies":[{"embeddable":true,"href":"https:\/\/www.europesays.com\/fr\/wp-json\/wp\/v2\/comments?post=640890"}],"version-history":[{"count":0,"href":"https:\/\/www.europesays.com\/fr\/wp-json\/wp\/v2\/posts\/640890\/revisions"}],"wp:featuredmedia":[{"embeddable":true,"href":"https:\/\/www.europesays.com\/fr\/wp-json\/wp\/v2\/media\/640891"}],"wp:attachment":[{"href":"https:\/\/www.europesays.com\/fr\/wp-json\/wp\/v2\/media?parent=640890"}],"wp:term":[{"taxonomy":"category","embeddable":true,"href":"https:\/\/www.europesays.com\/fr\/wp-json\/wp\/v2\/categories?post=640890"},{"taxonomy":"post_tag","embeddable":true,"href":"https:\/\/www.europesays.com\/fr\/wp-json\/wp\/v2\/tags?post=640890"}],"curies":[{"name":"wp","href":"https:\/\/api.w.org\/{rel}","templated":true}]}}