{"id":640898,"date":"2026-01-04T18:42:30","date_gmt":"2026-01-04T18:42:30","guid":{"rendered":"https:\/\/www.europesays.com\/fr\/640898\/"},"modified":"2026-01-04T18:42:30","modified_gmt":"2026-01-04T18:42:30","slug":"resultats-et-classement-10-km-promclassic-de-nice-2026","status":"publish","type":"post","link":"https:\/\/www.europesays.com\/fr\/640898\/","title":{"rendered":"R\u00e9sultats et classement 10 km Prom&rsquo;Classic de Nice 2026"},"content":{"rendered":"<p style=\"text-align: justify;\"><strong>D\u00e9couvrez tous les r\u00e9sultats et le classement du 10 km de la Prom\u2019Classic de Nice 2026, qui s\u2019est tenu ce dimanche 4 janvier 2026. D\u00e9part de la course donn\u00e9 \u00e0 9h00.<\/strong><\/p>\n<p style=\"text-align: justify;\"><strong>Dimanche 4 janvier 2026<\/strong>, le calendrier de la course sur route s\u2019ouvrira une nouvelle fois avec le <strong>10 km de la Prom\u2019Classic de Nice<\/strong>, rendez-vous devenu incontournable pour les amateurs de performance comme pour les passionn\u00e9s de running.<\/p>\n<p style=\"text-align: justify;\">Sur la Promenade des Anglais, face \u00e0 la M\u00e9diterran\u00e9e, le parcours d\u00e9roule ses dix kilom\u00e8tres sans difficult\u00e9 majeure. Enti\u00e8rement plat et trac\u00e9 au cordeau, il longe la <strong>Baie des Anges<\/strong> dans une atmosph\u00e8re hivernale souvent cl\u00e9mente, propice aux chronos ambitieux. Ce profil rapide explique la r\u00e9putation de l\u2019\u00e9preuve : ici, chaque d\u00e9but d\u2019ann\u00e9e rime avec vitesse.<\/p>\n<p>Ce qu\u2019il faut savoir sur l\u2019\u00e9v\u00e9nement<\/p>\n<p style=\"text-align: justify;\">Avec 15 000 coureurs attendus, cette \u00e9dition 2026 s\u2019annonce particuli\u00e8rement dense. Le plateau m\u00ealera athl\u00e8tes de tr\u00e8s haut niveau et coureurs venus lancer leur saison sur une r\u00e9f\u00e9rence nationale du 10 km. L\u2019organisation en vagues successives permet \u00e0 chacun de s\u2019exprimer \u00e0 son rythme, tout en conservant une forte intensit\u00e9 d\u00e8s les premiers m\u00e8tres.<\/p>\n<p style=\"text-align: justify;\">La course rev\u00eat \u00e9galement une dimension symbolique pour les athl\u00e8tes locaux. La native d\u2019Antibes <a href=\"https:\/\/dicodusport.fr\/blog\/alessia-zarbo-athletisme-ma-priorite-a-ete-de-retrouver-un-mode-de-vie-qui-me-correspondait\/\" target=\"_blank\" rel=\"noopener\"><strong>Alessia Zarbo<\/strong><\/a>, recordwoman de France de la distance, et <strong>Rapha\u00ebl Montoya<\/strong>, double vainqueur de l\u2019\u00e9preuve, incarnent cet attachement particulier \u00e0 une course disput\u00e9e \u00ab \u00e0 domicile \u00bb. Leur pr\u00e9sence renforce encore l\u2019attrait sportif d\u2019un \u00e9v\u00e9nement d\u00e9j\u00e0 tr\u00e8s relev\u00e9.<\/p>\n<p style=\"text-align: justify;\">Au-del\u00e0 de la comp\u00e9tition pure, la <strong>Prom\u2019Classic<\/strong> reste un moment f\u00e9d\u00e9rateur. Le public, nombreux sur le front de mer, accompagne les coureurs dans un d\u00e9cor embl\u00e9matique de la Nice, entre palmiers et horizon marin. Entre qu\u00eate de records personnels et plaisir de courir, le <strong>10 km du 4 janvier 2026<\/strong> s\u2019impose une nouvelle fois comme l\u2019un des grands temps forts de l\u2019hiver athl\u00e9tique fran\u00e7ais.<\/p>\n<p>\n<a href=\"https:\/\/dicodusport.fr\/blog\/offres\/abonnements-sans-pub\/\" target=\"_blank\" rel=\"noopener\"><img loading=\"lazy\" decoding=\"async\" class=\"alignnone size-full wp-image-501284 perfmatters-lazy\" alt=\"\" width=\"1200\" height=\"200\" src=\"https:\/\/www.europesays.com\/fr\/wp-content\/uploads\/2025\/04\/Abonnements-sans-pubs-Dicodusport.png\"\/><\/a><br \/><a href=\"https:\/\/dicodusport.fr\/blog\/offres\/abonnements-sans-pub\/\" target=\"_blank\" rel=\"noopener\"><img loading=\"lazy\" decoding=\"async\" class=\"alignnone size-full wp-image-501296 perfmatters-lazy\" alt=\"\" width=\"400\" height=\"400\" src=\"https:\/\/www.europesays.com\/fr\/wp-content\/uploads\/2025\/04\/Abonnements-sans-pubs-Dicodusport-mobile.png\"\/><\/a><\/p>\n<p style=\"text-align: justify;\"><strong>Retrouvez les r\u00e9sultats complets de la Prom\u2019Classic de Nice 2026.<\/strong><\/p>\n<p>Classement 10 km Prom\u2019Classic de Nice Hommes 2026<\/p>\n<tr style=\"height: 24px\">\n<td style=\"border-color: #ebebeb;height: 24px;text-align: center;width: 80px;vertical-align: middle\">\ud83c\udfc6<\/td>\n<td style=\"border-color: #ebebeb;height: 24px;text-align: center;width: 500px;vertical-align: middle\"><strong>ATHL\u00c8TES<\/strong><\/td>\n<td style=\"border-color: #ebebeb;height: 24px;text-align: center;width: 220px;vertical-align: middle\"><strong>TEMPS<\/strong><\/td>\n<\/tr>\n<tr style=\"height: 24px\">\n<td style=\"border-color: #ebebeb;height: 24px;text-align: center;width: 80px;vertical-align: middle\"><strong>1.<\/strong><\/td>\n<td style=\"border-color: #ebebeb;text-align: center;vertical-align: middle;width: 500px\"><strong>\ud83c\uddeb\ud83c\uddf7 GASTON ROHMER<\/strong><\/td>\n<td style=\"border-color: #ebebeb;text-align: center;vertical-align: middle;width: 220px\"><strong>28m28s<\/strong><\/td>\n<\/tr>\n<tr>\n<td style=\"border-color: #ebebeb;text-align: center;width: 80px;vertical-align: middle\">2.<\/td>\n<td style=\"border-color: #ebebeb;text-align: center;vertical-align: middle;width: 500px\"><strong>\ud83c\uddeb\ud83c\uddf7 MARTIN HUBNER<\/strong><\/td>\n<td style=\"border-color: #ebebeb;text-align: center;vertical-align: middle;width: 220px\"><strong>28m43s<\/strong><\/td>\n<\/tr>\n<tr>\n<td style=\"border-color: #ebebeb;text-align: center;width: 80px;vertical-align: middle\">3.<\/td>\n<td style=\"border-color: #ebebeb;text-align: center;vertical-align: middle;width: 500px\"><strong>\ud83c\uddeb\ud83c\uddf7 RAPHAEL MONTOYA<\/strong><\/td>\n<td style=\"border-color: #ebebeb;text-align: center;vertical-align: middle;width: 220px\"><strong>28m44s<\/strong><\/td>\n<\/tr>\n<tr>\n<td style=\"border-color: #ebebeb;text-align: center;width: 80px;vertical-align: middle\">4.<\/td>\n<td style=\"border-color: #ebebeb;text-align: center;vertical-align: middle;width: 500px\"><strong>\ud83c\uddeb\ud83c\uddf7 NICOLAS-MARIE DARU<\/strong><\/td>\n<td style=\"border-color: #ebebeb;text-align: center;vertical-align: middle;width: 220px\"><strong>28m46s<\/strong><\/td>\n<\/tr>\n<tr>\n<td style=\"border-color: #ebebeb;text-align: center;width: 80px;vertical-align: middle\">5.<\/td>\n<td style=\"border-color: #ebebeb;text-align: center;vertical-align: middle;width: 500px\"><strong>\ud83c\uddeb\ud83c\uddf7 MATHIS CHAVAND<\/strong><\/td>\n<td style=\"border-color: #ebebeb;text-align: center;vertical-align: middle;width: 220px\"><strong>28m47s<\/strong><\/td>\n<\/tr>\n<tr>\n<td style=\"border-color: #ebebeb;text-align: center;width: 80px;vertical-align: middle\">6.<\/td>\n<td style=\"border-color: #ebebeb;text-align: center;vertical-align: middle;width: 500px\"><strong>\ud83c\uddeb\ud83c\uddf7 LOUIS MICHEL<\/strong><\/td>\n<td style=\"border-color: #ebebeb;text-align: center;vertical-align: middle;width: 220px\"><strong>28m52s<\/strong><\/td>\n<\/tr>\n<tr>\n<td style=\"border-color: #ebebeb;text-align: center;width: 80px;vertical-align: middle\">7.<\/td>\n<td style=\"border-color: #ebebeb;text-align: center;vertical-align: middle;width: 500px\"><strong>\ud83c\uddeb\ud83c\uddf7 ARTHUR FAROUX<\/strong><\/td>\n<td style=\"border-color: #ebebeb;text-align: center;vertical-align: middle;width: 220px\"><strong>28m54s<\/strong><\/td>\n<\/tr>\n<tr>\n<td style=\"border-color: #ebebeb;text-align: center;width: 80px;vertical-align: middle\">8.<\/td>\n<td style=\"border-color: #ebebeb;text-align: center;vertical-align: middle;width: 500px\"><strong>\ud83c\uddeb\ud83c\uddf7 STEPHANE LIGUORI<\/strong><\/td>\n<td style=\"border-color: #ebebeb;text-align: center;vertical-align: middle;width: 220px\"><strong>28m55s<\/strong><\/td>\n<\/tr>\n<tr>\n<td style=\"border-color: #ebebeb;text-align: center;width: 80px;vertical-align: middle\">9.<\/td>\n<td style=\"border-color: #ebebeb;text-align: center;vertical-align: middle;width: 500px\"><strong>\ud83c\uddeb\ud83c\uddf7 THOMAS LAURENT<\/strong><\/td>\n<td style=\"border-color: #ebebeb;text-align: center;vertical-align: middle;width: 220px\"><strong>28m57s<\/strong><\/td>\n<\/tr>\n<tr style=\"height: 24px\">\n<td style=\"border-color: #ebebeb;height: 24px;text-align: center;width: 80px;vertical-align: middle\">10.<\/td>\n<td style=\"border-color: #ebebeb;text-align: center;vertical-align: middle;width: 500px\"><strong>\ud83c\uddeb\ud83c\uddf7 SIMON PRADY<\/strong><\/td>\n<td style=\"border-color: #ebebeb;text-align: center;vertical-align: middle;width: 220px\"><strong>28m57s<\/strong><\/td>\n<\/tr>\n<p>Classement 10 km Prom\u2019Classic de Nice Femmes 2026<\/p>\n<tr style=\"height: 24px\">\n<td style=\"border-color: #ebebeb;height: 24px;text-align: center;width: 80px;vertical-align: middle\">\ud83c\udfc6<\/td>\n<td style=\"border-color: #ebebeb;height: 24px;text-align: center;width: 500px;vertical-align: middle\"><strong>ATHL\u00c8TES<\/strong><\/td>\n<td style=\"border-color: #ebebeb;height: 24px;text-align: center;width: 220px;vertical-align: middle\"><strong>TEMPS<\/strong><\/td>\n<\/tr>\n<tr style=\"height: 24px\">\n<td style=\"border-color: #ebebeb;height: 24px;text-align: center;width: 80px;vertical-align: middle\"><strong>1.<\/strong><\/td>\n<td style=\"border-color: #ebebeb;text-align: center;vertical-align: middle;width: 500px\"><strong>\ud83c\udde7\ud83c\uddea JANA VAN LENT<\/strong><\/td>\n<td style=\"border-color: #ebebeb;text-align: center;vertical-align: middle;width: 220px\"><strong>30m10s<\/strong><\/td>\n<\/tr>\n<tr>\n<td style=\"border-color: #ebebeb;text-align: center;width: 80px;vertical-align: middle\">2.<\/td>\n<td style=\"border-color: #ebebeb;text-align: center;vertical-align: middle;width: 500px\"><strong>\ud83c\uddeb\ud83c\uddf7 ALESSIA ZARBO<\/strong><\/td>\n<td style=\"border-color: #ebebeb;text-align: center;vertical-align: middle;width: 220px\"><strong>31m11s<\/strong><\/td>\n<\/tr>\n<tr>\n<td style=\"border-color: #ebebeb;text-align: center;width: 80px;vertical-align: middle\">3.<\/td>\n<td style=\"border-color: #ebebeb;text-align: center;vertical-align: middle;width: 500px\"><strong>\ud83c\uddeb\ud83c\uddf7 ANAELLE GUILLONNET<\/strong><\/td>\n<td style=\"border-color: #ebebeb;text-align: center;vertical-align: middle;width: 220px\"><strong>31m37s<\/strong><\/td>\n<\/tr>\n<tr>\n<td style=\"border-color: #ebebeb;text-align: center;width: 80px;vertical-align: middle\">4.<\/td>\n<td style=\"border-color: #ebebeb;text-align: center;vertical-align: middle;width: 500px\"><strong>\ud83c\uddeb\ud83c\uddf7 MATHILDE S\u00c9N\u00c9CHAL<\/strong><\/td>\n<td style=\"border-color: #ebebeb;text-align: center;vertical-align: middle;width: 220px\"><strong>32m17s<\/strong><\/td>\n<\/tr>\n<tr>\n<td style=\"border-color: #ebebeb;text-align: center;width: 80px;vertical-align: middle\">5.<\/td>\n<td style=\"border-color: #ebebeb;text-align: center;vertical-align: middle;width: 500px\"><strong>\ud83c\uddeb\ud83c\uddf7 AUDE CLAVIER<\/strong><\/td>\n<td style=\"border-color: #ebebeb;text-align: center;vertical-align: middle;width: 220px\"><strong>32m22s<\/strong><\/td>\n<\/tr>\n<tr>\n<td style=\"border-color: #ebebeb;text-align: center;width: 80px;vertical-align: middle\">6.<\/td>\n<td style=\"border-color: #ebebeb;text-align: center;vertical-align: middle;width: 500px\"><strong>\ud83c\uddeb\ud83c\uddf7 OPH\u00c9LIE SERRA-BOXBERGER<\/strong><\/td>\n<td style=\"border-color: #ebebeb;text-align: center;vertical-align: middle;width: 220px\"><strong>32m27s<\/strong><\/td>\n<\/tr>\n<tr>\n<td style=\"border-color: #ebebeb;text-align: center;width: 80px;vertical-align: middle\">7.<\/td>\n<td style=\"border-color: #ebebeb;text-align: center;vertical-align: middle;width: 500px\"><strong>\ud83c\uddeb\ud83c\uddf7 M\u00c9LANIE ALLIER<\/strong><\/td>\n<td style=\"border-color: #ebebeb;text-align: center;vertical-align: middle;width: 220px\"><strong>32m27s<\/strong><\/td>\n<\/tr>\n<tr>\n<td style=\"border-color: #ebebeb;text-align: center;width: 80px;vertical-align: middle\">8.<\/td>\n<td style=\"border-color: #ebebeb;text-align: center;vertical-align: middle;width: 500px\"><strong>\ud83c\uddeb\ud83c\uddf7 SARAH HASNI<\/strong><\/td>\n<td style=\"border-color: #ebebeb;text-align: center;vertical-align: middle;width: 220px\"><strong>32m57s<\/strong><\/td>\n<\/tr>\n<tr>\n<td style=\"border-color: #ebebeb;text-align: center;width: 80px;vertical-align: middle\">9.<\/td>\n<td style=\"border-color: #ebebeb;text-align: center;vertical-align: middle;width: 500px\"><strong>\ud83c\uddeb\ud83c\uddf7 ILONA HADHOUM<\/strong><\/td>\n<td style=\"border-color: #ebebeb;text-align: center;vertical-align: middle;width: 220px\"><strong>32m59s<\/strong><\/td>\n<\/tr>\n<tr style=\"height: 24px\">\n<td style=\"border-color: #ebebeb;height: 24px;text-align: center;width: 80px;vertical-align: middle\">10.<\/td>\n<td style=\"border-color: #ebebeb;text-align: center;vertical-align: middle;width: 500px\"><strong>\ud83c\uddeb\ud83c\uddf7 LALY PORENTRU<\/strong><\/td>\n<td style=\"border-color: #ebebeb;text-align: center;vertical-align: middle;width: 220px\"><strong>33m00s<\/strong><\/td>\n<\/tr>\n","protected":false},"excerpt":{"rendered":"D\u00e9couvrez tous les r\u00e9sultats et le classement du 10 km de la Prom\u2019Classic de Nice 2026, qui s\u2019est&hellip;\n","protected":false},"author":2,"featured_media":640899,"comment_status":"","ping_status":"","sticky":false,"template":"","format":"standard","meta":{"footnotes":""},"categories":[2819],"tags":[1111,11,4132,2113,1777,674,1011,27,12,2401,882,25],"class_list":{"0":"post-640898","1":"post","2":"type-post","3":"status-publish","4":"format-standard","5":"has-post-thumbnail","7":"category-nice","8":"tag-actu","9":"tag-actualites","10":"tag-athletisme","11":"tag-breve","12":"tag-eu","13":"tag-europe","14":"tag-fr","15":"tag-france","16":"tag-news","17":"tag-nice","18":"tag-provence-alpes-cote-dazur","19":"tag-republique-francaise"},"share_on_mastodon":{"url":"https:\/\/pubeurope.com\/@fr\/115838303974025656","error":""},"_links":{"self":[{"href":"https:\/\/www.europesays.com\/fr\/wp-json\/wp\/v2\/posts\/640898","targetHints":{"allow":["GET"]}}],"collection":[{"href":"https:\/\/www.europesays.com\/fr\/wp-json\/wp\/v2\/posts"}],"about":[{"href":"https:\/\/www.europesays.com\/fr\/wp-json\/wp\/v2\/types\/post"}],"author":[{"embeddable":true,"href":"https:\/\/www.europesays.com\/fr\/wp-json\/wp\/v2\/users\/2"}],"replies":[{"embeddable":true,"href":"https:\/\/www.europesays.com\/fr\/wp-json\/wp\/v2\/comments?post=640898"}],"version-history":[{"count":0,"href":"https:\/\/www.europesays.com\/fr\/wp-json\/wp\/v2\/posts\/640898\/revisions"}],"wp:featuredmedia":[{"embeddable":true,"href":"https:\/\/www.europesays.com\/fr\/wp-json\/wp\/v2\/media\/640899"}],"wp:attachment":[{"href":"https:\/\/www.europesays.com\/fr\/wp-json\/wp\/v2\/media?parent=640898"}],"wp:term":[{"taxonomy":"category","embeddable":true,"href":"https:\/\/www.europesays.com\/fr\/wp-json\/wp\/v2\/categories?post=640898"},{"taxonomy":"post_tag","embeddable":true,"href":"https:\/\/www.europesays.com\/fr\/wp-json\/wp\/v2\/tags?post=640898"}],"curies":[{"name":"wp","href":"https:\/\/api.w.org\/{rel}","templated":true}]}}