{"id":640908,"date":"2026-01-04T18:47:10","date_gmt":"2026-01-04T18:47:10","guid":{"rendered":"https:\/\/www.europesays.com\/fr\/640908\/"},"modified":"2026-01-04T18:47:10","modified_gmt":"2026-01-04T18:47:10","slug":"des-ateliers-numeriques-pour-les-seniors-a-toulouse","status":"publish","type":"post","link":"https:\/\/www.europesays.com\/fr\/640908\/","title":{"rendered":"Des ateliers num\u00e9riques pour les seniors \u00e0 Toulouse"},"content":{"rendered":"<p>La M\u00eal\u00e9e, r\u00e9seau occitan des experts du num\u00e9rique, organise chaque mardi \u00e0 Toulouse un atelier num\u00e9rique pour les seniors. Utiliser son smartphone, envoyer des photos, naviguer sur Internet en toute s\u00e9curit\u00e9, g\u00e9rer ses mots de passe, faire ses d\u00e9marches en ligne, d\u00e9couvrir les r\u00e9seaux sociaux ou encore organiser ses fichiers. Voil\u00e0 quelques th\u00e9matiques qui peuvent \u00eatre abord\u00e9es durant ces ateliers.<\/p>\n<p>Ces s\u00e9ances sont anim\u00e9es par un conseiller num\u00e9rique. Les ateliers alternent explications simples et mises en pratique. L\u2019atelier est accessible librement, sans inscription. Chaque s\u00e9ance est ind\u00e9pendante. <a href=\"https:\/\/lamelee.com\/evenement\/ateliers-numeriques-pour-les-seniors\/\" class=\"spip_out\" rel=\"external noopener\" target=\"_blank\">Plus d\u2019informations<\/a> en ligne.<\/p>\n<p>Tous les mardis, de 9h30 \u00e0 11h30, \u00e0 La Cantine by la M\u00eal\u00e9e, 27 rue d\u2019Aubuisson, \u00e0 Toulouse.<\/p>\n","protected":false},"excerpt":{"rendered":"La M\u00eal\u00e9e, r\u00e9seau occitan des experts du num\u00e9rique, organise chaque mardi \u00e0 Toulouse un atelier num\u00e9rique pour les&hellip;\n","protected":false},"author":2,"featured_media":373637,"comment_status":"","ping_status":"","sticky":false,"template":"","format":"standard","meta":{"footnotes":""},"categories":[2816],"tags":[1111,11,26367,1777,674,1011,27,31313,12,4125,2680,25,938,12361,801,2312],"class_list":{"0":"post-640908","1":"post","2":"type-post","3":"status-publish","4":"format-standard","5":"has-post-thumbnail","7":"category-toulouse","8":"tag-actu","9":"tag-actualites","10":"tag-culture-scientifique","11":"tag-eu","12":"tag-europe","13":"tag-fr","14":"tag-france","15":"tag-la-melee","16":"tag-news","17":"tag-numerique","18":"tag-occitanie","19":"tag-republique-francaise","20":"tag-reseaux-sociaux","21":"tag-senior","22":"tag-social","23":"tag-toulouse"},"share_on_mastodon":{"url":"https:\/\/pubeurope.com\/@fr\/115838323506262014","error":""},"_links":{"self":[{"href":"https:\/\/www.europesays.com\/fr\/wp-json\/wp\/v2\/posts\/640908","targetHints":{"allow":["GET"]}}],"collection":[{"href":"https:\/\/www.europesays.com\/fr\/wp-json\/wp\/v2\/posts"}],"about":[{"href":"https:\/\/www.europesays.com\/fr\/wp-json\/wp\/v2\/types\/post"}],"author":[{"embeddable":true,"href":"https:\/\/www.europesays.com\/fr\/wp-json\/wp\/v2\/users\/2"}],"replies":[{"embeddable":true,"href":"https:\/\/www.europesays.com\/fr\/wp-json\/wp\/v2\/comments?post=640908"}],"version-history":[{"count":0,"href":"https:\/\/www.europesays.com\/fr\/wp-json\/wp\/v2\/posts\/640908\/revisions"}],"wp:featuredmedia":[{"embeddable":true,"href":"https:\/\/www.europesays.com\/fr\/wp-json\/wp\/v2\/media\/373637"}],"wp:attachment":[{"href":"https:\/\/www.europesays.com\/fr\/wp-json\/wp\/v2\/media?parent=640908"}],"wp:term":[{"taxonomy":"category","embeddable":true,"href":"https:\/\/www.europesays.com\/fr\/wp-json\/wp\/v2\/categories?post=640908"},{"taxonomy":"post_tag","embeddable":true,"href":"https:\/\/www.europesays.com\/fr\/wp-json\/wp\/v2\/tags?post=640908"}],"curies":[{"name":"wp","href":"https:\/\/api.w.org\/{rel}","templated":true}]}}