{"id":640911,"date":"2026-01-04T18:49:15","date_gmt":"2026-01-04T18:49:15","guid":{"rendered":"https:\/\/www.europesays.com\/fr\/640911\/"},"modified":"2026-01-04T18:49:15","modified_gmt":"2026-01-04T18:49:15","slug":"bectons-la-nouvelle-adresse-de-snacking-de-terroir-vous-regale-dans-le-vieux-lille","status":"publish","type":"post","link":"https:\/\/www.europesays.com\/fr\/640911\/","title":{"rendered":"Bectons, la nouvelle adresse de snacking de terroir vous r\u00e9gale dans le Vieux-Lille"},"content":{"rendered":"<p>                    Par<br \/>\n        <strong><br \/>\n            <a href=\"https:\/\/actu.fr\/auteur\/hervine-mahaud\" title=\"Consulter tous les articles de Hervine Mahaud\" target=\"_blank\" rel=\"noopener\">Hervine Mahaud<\/a><br \/>\n                    <\/strong><\/p>\n<p>        Publi\u00e9 le<\/p>\n<p>            4 janv. 2026 \u00e0 17h30        <\/p>\n<p data-end=\"698\">Avis aux amateurs de bonne ch\u00e8re et de produits bien sourc\u00e9s. Une <b>nouvelle adresse<\/b> vient enrichir le paysage gourmand du Vieux-<a href=\"https:\/\/actu.fr\/hauts-de-france\/lille_59350\" target=\"_blank\" rel=\"noopener\">Lille<\/a>. Baptis\u00e9e <b data-end=\"557\">Bectons\u2009!<\/b>, cette table d\u00e9di\u00e9e au <b>snacking de terroir<\/b> a ouvert ses portes le 23\u00a0d\u00e9cembre 2025, 13 rue des Vieux-Murs. \u00c0 l\u2019origine du projet,<b> <\/b>Germain Magnaval et Geoffroy Abel\u00e9, d\u00e9j\u00e0 connus des Lillois pour <a href=\"https:\/\/actu.fr\/hauts-de-france\/lille_59350\/lille-une-premiere-annee-tres-tres-positive-freres-pinard_21196024.html\" target=\"_blank\" rel=\"noopener\">Les Fr\u00e8res Pinard<\/a>, une adresse appr\u00e9ci\u00e9e pour ses planches ap\u00e9ritives et ses belles bouteilles. Avec <a href=\"https:\/\/actu.fr\/hauts-de-france\/lille_59350\/vieux-lille-bectons-le-nouveau-resto-sur-le-pouce-des-freres-pinard-aux-produits-100-francais_63162329.html\" target=\"_blank\" rel=\"noopener\">Bectons\u2009!<\/a>, les deux associ\u00e9s changent de format mais gardent le m\u00eame fil conducteur\u2009: le go\u00fbt du bon produit et le travail avec des artisans engag\u00e9s.<\/p>\n<p>Un \u00ab\u2009diner\u2009\u00bb \u00e0 la fran\u00e7aise pour d\u00e9guster des snacks pr\u00e9par\u00e9s avec des produits du terroir<\/p>\n<p data-end=\"1397\" class=\" wall-content\">Chez Bectons\u2009!, tout commence par la s\u00e9lection des mati\u00e8res premi\u00e8res. Le pain provient de la boulangerie <b data-end=\"1204\">Degruson<\/b>, les moutardes de <b data-end=\"1243\">l\u2019Atelier Honor\u00e9<\/b>, les viandes sont sourc\u00e9es chez Ch\u00e2teauneuf ou <a href=\"https:\/\/actu.fr\/hauts-de-france\/lille_59350\/nouvelle-adresse-a-lille-barbak-la-boucherie-moderne-et-branchee-vient-d-ouvrir_41268291.html\" target=\"_blank\" rel=\"noopener\">Barbak<\/a>. Des producteurs fran\u00e7ais, majoritairement locaux, qui partagent une m\u00eame vision du m\u00e9tier.<\/p>\n<p data-end=\"1621\" class=\" wall-content\">L\u2019id\u00e9e\u2009? \u00ab\u2009Mettre toute la France dans du pain\u2009\u00bb, avec des recettes simples, cr\u00e9atives et g\u00e9n\u00e9reuses. Chaque jour, les cuisiniers concoctent des snacks gourmands qui mettent en valeur les saveurs du terroir, sans superflu.<\/p>\n<p>20 places \u00e0 l\u2019int\u00e9rieur et bient\u00f4t une quinzaine en terrasse<\/p>\n<p data-end=\"1960\" class=\" wall-content\">Bectons\u2009! se pr\u00e9sente ainsi comme un <b>\u00ab\u2009diner\u2009\u00bb \u00e0 la fran\u00e7aise<\/b>, avec ses comptoirs en inox et son ambiance d\u00e9contract\u00e9e. Mais ici, pas question d\u2019oublier l\u2019identit\u00e9 locale\u2009: les murs sont port\u00e9s par de fi\u00e8res briques rouges leur donnant cette chaleur et authenticit\u00e9 typique du Nord.<\/p>\n<p data-end=\"2126\" class=\" wall-content\">La d\u00e9coration m\u00eale modernit\u00e9 et authenticit\u00e9, avec notamment une collection de bocaux de pickles expos\u00e9s, pens\u00e9s pour conserver et sublimer les produits du terroir.<\/p>\n<p>    <img   decoding=\"async\" loading=\"lazy\" class=\"size-large\" src=\"https:\/\/www.europesays.com\/fr\/wp-content\/uploads\/2026\/01\/e9228668c7596fd228668c759c1328v-960x640.jpg\" alt=\"bectons snack de terroir les freres pinard restaurant vieux lille\" width=\"960\" height=\"640\"\/><br \/>\n    Une vingtaine de places permettent de d\u00e9guster tranquillement ses croques, hot-dogs et autres faluches sur place. \u00a9Hervine Mahaud<\/p>\n<p>Votre r\u00e9gion, votre actu !<\/p>\n<p>Recevez chaque jour les infos qui comptent pour vous.<\/p>\n<p>\t<a href=\"https:\/\/actu.fr\/newsletter\" class=\"ac-btn ac-btn--corner ac-btn--medium ac-btn--blue800\" target=\"_blank\" rel=\"noopener\">S&rsquo;incrire<\/a><\/p>\n<p data-end=\"2126\" class=\" wall-content\">\u00c0 l\u2019int\u00e9rieur, <b>20 places<\/b> permettent de d\u00e9guster tranquillement les en-cas cuisin\u00e9s sur place. Et d\u00e8s le retour des beaux jours, une <b>terrasse<\/b> d\u2019une quinzaine de places sera install\u00e9e rue des Vieux-Murs.<\/p>\n<p>Une offre qui s\u2019adapte aux rythmes de la journ\u00e9e<\/p>\n<p data-end=\"2444\" class=\" wall-content\">Le midi, Bectons\u2009! vise les \u00e9picuriens press\u00e9s. L\u2019adresse propose une offre de <b data-end=\"2307\">snacking \u00e0 emporter ou \u00e0 d\u00e9guster sur place<\/b>\u2009: croques revisit\u00e9s (10,50\u00a0\u20ac), hot-dogs gourmands (9,50\u00a0\u20ac) et faluches (8,50\u00a0\u20ac), le tout accompagn\u00e9 de sauces signature \u00ab\u2009au go\u00fbt de reviens-y\u2009\u00bb.<\/p>\n<p data-end=\"2444\" class=\" wall-content\">Pour le lancement, <b>deux recettes<\/b> de chaque sont propos\u00e9es, avec toujours une <b>version v\u00e9g\u00e9tarienne<\/b>\u2009:<\/p>\n<ul class=\" wall-content\">\n<li data-end=\"2444\">Croque Flandrin\u2009: pain de campagne, b\u0153uf fum\u00e9 du Nord, moutarde \u00e0 l\u2019ancienne, confit d\u2019oignons, Mont des Cats, roquette<\/li>\n<li>Croque Jardinier\u2009: pain de campagne, coleslaw maison, mimolette demie vieille, pesto vert maison, roquette<\/li>\n<li>Hot-dog Gaillard\u2009: pain brioch\u00e9, saucisse fum\u00e9e au paprika, pickles de chou-fleur maison, sauce Bectons\u2009! pickles, \u00e9chalotes frites, roquette<\/li>\n<li>Hot-dog Champ\u00eatre\u2009: pain brioch\u00e9, saucisse pois chiche au curry, pesto rouge maison, compot\u00e9e de choux rouges, pickles de carottes maison, roquette<\/li>\n<li>Faluche Canaille\u2009: faluche aux graines de s\u00e9same, jambon fum\u00e9 du Haut Doubs, tomme de Savoie, beurre signature, roquette, cornichons, tomates cerises, carottes<\/li>\n<li>Faluche Affin\u00e9e\u2009: faluche aux graines de s\u00e9same, vieux Comt\u00e9, tomates s\u00e9ch\u00e9es, beurre signature, roquette, cornichons, tomates cerises, carottes<\/li>\n<\/ul>\n<p>    <img   decoding=\"async\" loading=\"lazy\" class=\"size-large\" src=\"https:\/\/www.europesays.com\/fr\/wp-content\/uploads\/2026\/01\/cff54668c7596e3064668c75998064v-960x640.jpg\" alt=\"bectons snack de terroir les freres pinard restaurant vieux lille\" width=\"960\" height=\"640\"\/><br \/>\n    Le croque Flandrin avec du b\u0153uf fum\u00e9 du Nord, l\u00e9g\u00e8rement relev\u00e9 avec la moutarde \u00e0 l\u2019ancienne et un c\u00f4t\u00e9 sucr\u00e9 sal\u00e9 gr\u00e2ce au confit d\u2019oignons. \u00a9Hervine Mahaud<\/p>\n<p class=\" wall-content\">Des <b>salades<\/b> pr\u00e9par\u00e9es avec de bons produits de saison seront aussi propos\u00e9es prochainement.<\/p>\n<p data-end=\"2444\" class=\" wall-content\">Bectons\u2009! a aussi \u00e0 sa carte des accompagnements comme des pommes de terre, du coleslaw maison ou petite salade compos\u00e9e. Ajoutez \u00e0 cela des <b>desserts<\/b> (flan vanille et carott cake) pr\u00e9par\u00e9s par <a href=\"https:\/\/actu.fr\/hauts-de-france\/lille_59350\/les-ecureuils-vont-bientot-servir-leurs-delicieuses-patisseries-pralinees-a-lille_46543137.html\" target=\"_blank\" rel=\"noopener\">Les \u00c9cureuils de Wazemmes<\/a>.<\/p>\n<p>    <img   decoding=\"async\" loading=\"lazy\" class=\"size-large\" src=\"https:\/\/www.europesays.com\/fr\/wp-content\/uploads\/2026\/01\/b3db6668c759697db6668c75966eb6v-960x640.jpg\" alt=\"bectons snack de terroir les freres pinard restaurant vieux lille\" width=\"960\" height=\"640\"\/><br \/>\n    Le hot-dog Gaillard est servi avec une saucisse fum\u00e9e au paprika et des pickles de chou-fleur. \u00a9Hervine Mahaud<\/p>\n<p data-end=\"2760\" class=\" wall-content\">Le soir, l\u2019ambiance change. Le lieu devient un espace de vie chaleureux et branch\u00e9, o\u00f9 les produits travaill\u00e9s le midi se d\u00e9clinent en <b data-end=\"2605\">assiettes \u00e0 partager<\/b>, \u00e0 savourer autour d\u2019un bon <b>verre de vin<\/b> ou d\u2019une pinte de <b>bi\u00e8re<\/b>. Pour les plus gourmands, l\u2019offre snacking reste disponible \u00e0 emporter, m\u00eame en soir\u00e9e.<\/p>\n<p data-end=\"3065\" class=\" wall-content\">Avec Bectons\u2009!, Germain et Geoffroy signent ainsi une adresse gourmande, pens\u00e9e pour rassembler, bien manger, et redonner ses lettres de noblesse au snacking, version terroir.<\/p>\n<p>Infos pratiques\u2009: Bectons\u2009!, 13 rue des Vieux-Murs dans le Vieux-Lille. Ouvert du mardi au jeudi de 12\u2009h \u00e0 15\u2009h, le vendredi de 12\u2009h \u00e0 15\u2009h et de 18\u2009h \u00e0 22\u2009h, le samedi de 12\u2009h \u00e0 22\u2009h en continu et le dimanche de 12\u2009h \u00e0 15\u2009h. Plus d\u2019infos sur <a href=\"https:\/\/www.instagram.com\/bectonslille\/?hl=fr\" target=\"_blank\" rel=\"noopener\">le compte Instagram de Bectons\u2009!<\/a>.<\/p>\n<p class=\" wall-content\">Personnalisez votre actualit\u00e9 en ajoutant vos villes et m\u00e9dias en favori avec <a href=\"https:\/\/moncompte.actu.fr\" title=\"D\u00e9couvez Mon Actu\" rel=\"nofollow noopener\" data-trk=\"{&quot;cta&quot;:{&quot;action&quot;:&quot;https:\\\/\\\/moncompte.actu.fr&quot;,&quot;category&quot;:&quot;mon compte&quot;,&quot;from&quot;:&quot;article footer&quot;,&quot;name&quot;:&quot;Mon actu&quot;,&quot;type&quot;:&quot;cta&quot;}}\" target=\"_blank\">Mon Actu<\/a>.<\/p>\n<p>                    <script async src=\"\/\/www.instagram.com\/embed.js\"><\/script><\/p>\n","protected":false},"excerpt":{"rendered":"Par Hervine Mahaud Publi\u00e9 le 4 janv. 2026 \u00e0 17h30 Avis aux amateurs de bonne ch\u00e8re et de&hellip;\n","protected":false},"author":2,"featured_media":640912,"comment_status":"","ping_status":"","sticky":false,"template":"","format":"standard","meta":{"footnotes":""},"categories":[2815],"tags":[1111,11,33,1777,674,1011,27,811,1307,12,3147,25,1340],"class_list":{"0":"post-640911","1":"post","2":"type-post","3":"status-publish","4":"format-standard","5":"has-post-thumbnail","7":"category-lille","8":"tag-actu","9":"tag-actualites","10":"tag-economie","11":"tag-eu","12":"tag-europe","13":"tag-fr","14":"tag-france","15":"tag-hauts-de-france","16":"tag-lille","17":"tag-news","18":"tag-nouveaux-commerces","19":"tag-republique-francaise","20":"tag-restaurant"},"share_on_mastodon":{"url":"https:\/\/pubeurope.com\/@fr\/115838331493615383","error":""},"_links":{"self":[{"href":"https:\/\/www.europesays.com\/fr\/wp-json\/wp\/v2\/posts\/640911","targetHints":{"allow":["GET"]}}],"collection":[{"href":"https:\/\/www.europesays.com\/fr\/wp-json\/wp\/v2\/posts"}],"about":[{"href":"https:\/\/www.europesays.com\/fr\/wp-json\/wp\/v2\/types\/post"}],"author":[{"embeddable":true,"href":"https:\/\/www.europesays.com\/fr\/wp-json\/wp\/v2\/users\/2"}],"replies":[{"embeddable":true,"href":"https:\/\/www.europesays.com\/fr\/wp-json\/wp\/v2\/comments?post=640911"}],"version-history":[{"count":0,"href":"https:\/\/www.europesays.com\/fr\/wp-json\/wp\/v2\/posts\/640911\/revisions"}],"wp:featuredmedia":[{"embeddable":true,"href":"https:\/\/www.europesays.com\/fr\/wp-json\/wp\/v2\/media\/640912"}],"wp:attachment":[{"href":"https:\/\/www.europesays.com\/fr\/wp-json\/wp\/v2\/media?parent=640911"}],"wp:term":[{"taxonomy":"category","embeddable":true,"href":"https:\/\/www.europesays.com\/fr\/wp-json\/wp\/v2\/categories?post=640911"},{"taxonomy":"post_tag","embeddable":true,"href":"https:\/\/www.europesays.com\/fr\/wp-json\/wp\/v2\/tags?post=640911"}],"curies":[{"name":"wp","href":"https:\/\/api.w.org\/{rel}","templated":true}]}}