{"id":640915,"date":"2026-01-04T18:51:10","date_gmt":"2026-01-04T18:51:10","guid":{"rendered":"https:\/\/www.europesays.com\/fr\/640915\/"},"modified":"2026-01-04T18:51:10","modified_gmt":"2026-01-04T18:51:10","slug":"lauthenticite-de-claude-arena-son-sosie-marseillais","status":"publish","type":"post","link":"https:\/\/www.europesays.com\/fr\/640915\/","title":{"rendered":"l\u2019authenticit\u00e9 de Claude Arena, son sosie marseillais"},"content":{"rendered":"<p>Il aurait pu \u00eatre footballeur professionnel, mais cet ancien cadet National de <a href=\"https:\/\/laprovence.com\/article\/sports\/1414129889868916\/marseille-disparition-de-pierre-michelangeli-educateur-emblematique-de-l-as-mazargues-dans-les-annees-70-80\" target=\"_blank\" rel=\"noopener\">l\u2019AS Mazargues<\/a> (\u00e0 Marseille) ne voyait pas sa vie tourner autour d\u2019un ballon rond. Les chansons l\u2019ont emmen\u00e9 vers un tout autre univers. Celles qu\u2019il a compos\u00e9es d\u2019abord. Celles de Mike Brant ensuite et surtout.<\/p>\n<p>\u00ab\u00a0Laisse-moi t\u2019aimer\u00a0\u00bb, \u00ab\u00a0Rien qu\u2019une larme\u00a0\u00bb, \u00ab\u00a0C\u2019est ma pri\u00e8re\u00a0\u00bb, \u00ab\u00a0Qui saura\u00a0\u00bb, \u00ab\u00a0Dis lui\u00a0\u00bb,\u2026 Ses s\u0153urs a\u00een\u00e9es, plus \u00e2g\u00e9es de vingt ans, avaient \u00e9t\u00e9 berc\u00e9es par ces titres. Pas un disque du bel artiste ne manquait dans l\u2019appartement de cette famille d\u2019<a href=\"https:\/\/www.laprovence.com\/article\/societe\/28726661396661\/pierrette-boulangere-emblematique-du-charrel-possede-desormais-une-place-a-son-nom-a-aubagne\" target=\"_blank\" rel=\"noopener\">Aubagne <\/a>o\u00f9, plus tard, Claude, alors ado, d\u00e9couvrit un r\u00e9pertoire qui le toucha en plein c\u0153ur \u00e0 son tour. Lui qui \u00e9tait passionn\u00e9 de musique et avait tant envie de chanter venait de trouver en Mike Brant une lumi\u00e8re pour le guider.<\/p>\n<p>Il fallut encore quelques ann\u00e9es pour que cette \u00e9vidence s\u2019impose d\u00e9finitivement en marge d\u2019une tourn\u00e9e NRJ \u00e0 laquelle le jeune auteur-compositeur de 20\u00a0ans avait \u00e9t\u00e9 invit\u00e9 \u00e0 participer. \u00ab\u00a0Un soir, le directeur nous a demand\u00e9 de chanter autre chose que nos propres titres. Je l\u2019ai naturellement fait avec du Mike Brant et l\u00e0, tout le monde m\u2019a dit que je ferais un malheur si je me produisais tout sp\u00e9cialement.\u00a0\u00bb Le bonheur de Claude Arena \u00e9tait en marche. C\u2019\u00e9tait m\u00eame \u00e9crit, d\u2019une certaine mani\u00e8re.<\/p>\n<p>\u00ab\u00a0Il est r\u00e9ellement en moi\u00a0\u00bb<\/p>\n<p>Apparence physique et voix, tout le ramenait inexorablement vers ce chanteur devenu mythique. \u00ab\u00a0On m\u2019appelait d\u00e9j\u00e0 Mike Brant partout, m\u00eame si moi, j\u2019essayais d\u2019en sortir pour ne pas \u00eatre r\u00e9duit \u00e0 cette image de double. Sur mon troisi\u00e8me single personnel, compos\u00e9 par le groupe Nacash et \u00e9crite par Bruno Grimaldi, j\u2019avais tout fait pour chanter diff\u00e9remment.\u00a0\u00bb Peine perdue. Mike Brant r\u00e9sonnait encore dans sa voix, comme s\u2019il habitait en Claude Arena. Ce dernier le reconna\u00eet lui-m\u00eame\u00a0: \u00ab\u00a0Il est r\u00e9ellement en moi. D\u2018ailleurs, la plupart des personnes qui ont travaill\u00e9 avec lui et qui me voient sur sc\u00e8ne sont cat\u00e9goriques\u00a0: on a l\u2019impression que Mike Brant arrive. Pourtant, je fais toujours en sorte d\u2019\u00eatre moi-m\u00eame, mais tout en l\u2019\u00e9tant, je suis lui. Il faut croire qu\u2019il y a quelque chose de sp\u00e9cial. J\u2019ai rencontr\u00e9 \u00e0 plusieurs reprises des membres de sa famille. Dans la voiture, son fr\u00e8re m\u2019\u00e9coute chanter Mike Brant. La premi\u00e8re fois qu\u2019elle m\u2019a vu dans mon costume, sa ni\u00e8ce, elle, a \u00e9t\u00e9 boulevers\u00e9e. C\u2019est un choc pour beaucoup de gens. Ceux-ci me disent qu\u2019ils ne pensaient pas voir, un jour, un autre Mike Brant.\u00a0\u00bb Aussi vrai que nature.<\/p>\n<p>Claude Arena se d\u00e9finit comme \u00ab\u00a0authentique\u00a0\u00bb. \u00ab\u00a0Je ne joue pas \u00e0 Mike Brant, d\u00e9veloppe-t-il. C\u2019est un personnage qui m\u2019a rattrap\u00e9, ce n\u2019est pas moi qui l\u2019ai rattrap\u00e9 et j\u2019ai compris que nos destins \u00e9taient li\u00e9s.\u00a0\u00bb<\/p>\n<p>Contrairement \u00e0 bien d\u2019autres sosies, Claude Arena est un cas unique puisque Mike Brant se duplique tr\u00e8s peu par ailleurs, sinon pas. Ce qui explique une vie pass\u00e9e en grande partie sur les routes, entre deux dates de spectacle. En France et bien au-del\u00e0, en Australie et dans les territoires fran\u00e7ais ultramarins notamment.<\/p>\n<p>\u00ab\u00a0Mon planning tourne tellement autour de Mike Brant que j\u2019ai du mal \u00e0 faire autre chose, indique cet Aubagnais install\u00e9 \u00e0 Marseille qui a quand m\u00eame r\u00e9ussi \u00e0 trouver un peu de temps pour r\u00e9aliser des albums originaux en fran\u00e7ais comme en italien. L\u2019aura de ce chanteur traverse le temps, c\u2019est incroyable. Par rapport \u00e0 tous les artistes de son \u00e9poque, il a vraiment une place \u00e0 part. Pas seulement aupr\u00e8s des fans de sa g\u00e9n\u00e9ration, mais aussi des jeunes entre 20 et 40\u00a0ans, dont les parents \u00e9coutent ses disques. C\u2019est \u00e9videmment d\u00fb \u00e0 son talent, \u00e0 son histoire, \u00e0 son parcours et \u00e0 son destin tragique aussi <strong>(*)<\/strong>. Il a touch\u00e9 les gens d\u2019une fa\u00e7on ind\u00e9l\u00e9bile.\u00a0\u00bb Et Claude Arena en particulier.<\/p>\n<p>(*) Le 25\u00a0avril\u00a01975, il a fait une chute fatale depuis le 6e \u00e9tage d\u2019un appartement parisien. Si la th\u00e8se du suicide est impossible \u00e0 \u00e9carter, la cause de sa mort est encore trouble.<\/p>\n","protected":false},"excerpt":{"rendered":"Il aurait pu \u00eatre footballeur professionnel, mais cet ancien cadet National de l\u2019AS Mazargues (\u00e0 Marseille) ne voyait&hellip;\n","protected":false},"author":2,"featured_media":640916,"comment_status":"","ping_status":"","sticky":false,"template":"","format":"standard","meta":{"footnotes":""},"categories":[2814],"tags":[5734,1111,11,74758,7859,1777,674,1011,27,757,16026,74759,884,74757,12,5261,882,16,25],"class_list":{"0":"post-640915","1":"post","2":"type-post","3":"status-publish","4":"format-standard","5":"has-post-thumbnail","7":"category-marseille","8":"tag-5734","9":"tag-actu","10":"tag-actualites","11":"tag-brant","12":"tag-claude","13":"tag-eu","14":"tag-europe","15":"tag-fr","16":"tag-france","17":"tag-je","18":"tag-joue","19":"tag-lauthenticite","20":"tag-marseille","21":"tag-mike","22":"tag-news","23":"tag-pas","24":"tag-provence-alpes-cote-dazur","25":"tag-region","26":"tag-republique-francaise"},"share_on_mastodon":{"url":"https:\/\/pubeurope.com\/@fr\/115838339232510107","error":""},"_links":{"self":[{"href":"https:\/\/www.europesays.com\/fr\/wp-json\/wp\/v2\/posts\/640915","targetHints":{"allow":["GET"]}}],"collection":[{"href":"https:\/\/www.europesays.com\/fr\/wp-json\/wp\/v2\/posts"}],"about":[{"href":"https:\/\/www.europesays.com\/fr\/wp-json\/wp\/v2\/types\/post"}],"author":[{"embeddable":true,"href":"https:\/\/www.europesays.com\/fr\/wp-json\/wp\/v2\/users\/2"}],"replies":[{"embeddable":true,"href":"https:\/\/www.europesays.com\/fr\/wp-json\/wp\/v2\/comments?post=640915"}],"version-history":[{"count":0,"href":"https:\/\/www.europesays.com\/fr\/wp-json\/wp\/v2\/posts\/640915\/revisions"}],"wp:featuredmedia":[{"embeddable":true,"href":"https:\/\/www.europesays.com\/fr\/wp-json\/wp\/v2\/media\/640916"}],"wp:attachment":[{"href":"https:\/\/www.europesays.com\/fr\/wp-json\/wp\/v2\/media?parent=640915"}],"wp:term":[{"taxonomy":"category","embeddable":true,"href":"https:\/\/www.europesays.com\/fr\/wp-json\/wp\/v2\/categories?post=640915"},{"taxonomy":"post_tag","embeddable":true,"href":"https:\/\/www.europesays.com\/fr\/wp-json\/wp\/v2\/tags?post=640915"}],"curies":[{"name":"wp","href":"https:\/\/api.w.org\/{rel}","templated":true}]}}