{"id":640917,"date":"2026-01-04T18:52:17","date_gmt":"2026-01-04T18:52:17","guid":{"rendered":"https:\/\/www.europesays.com\/fr\/640917\/"},"modified":"2026-01-04T18:52:17","modified_gmt":"2026-01-04T18:52:17","slug":"lautoroute-a7-fermee-en-soiree-dans-le-sens-lyon-marseille-la-semaine-prochaine","status":"publish","type":"post","link":"https:\/\/www.europesays.com\/fr\/640917\/","title":{"rendered":"L\u2019autoroute A7 ferm\u00e9e en soir\u00e9e dans le sens Lyon &#8211; Marseille la semaine prochaine"},"content":{"rendered":"<p>                            <img loading=\"lazy\" width=\"1173\" height=\"733\" class=\"attachment-article size-article wp-post-image lazyload\" alt=\"\" decoding=\"async\" src=\"https:\/\/www.europesays.com\/fr\/wp-content\/uploads\/2025\/04\/Viaducs-de-Pierre-Benite-sur-lautoroute-A7.-Credit-DIR-Centre-Est-e1736075505852.jpg\" data-eio-rwidth=\"1173\" data-eio-rheight=\"733\"\/><\/p>\n<p>Viaducs de Pierre-B\u00e9nite, sur l\u2019autoroute A7. Cr\u00e9dit DIR Centre-Est<\/p>\n<p class=\"content\" style=\"font-size:1.2em;font-weight:700\">Dans le cadre des travaux de r\u00e9novation des viaducs de Pierre-B\u00e9nite, l\u2019autoroute A7 sera enti\u00e8rement ferm\u00e9e dans le sens Lyon &#8211; Marseille demain soir, lundi 5 janvier, et mardi 6 janvier.<\/p>\n<p>Les travaux de r\u00e9novation des viaducs de Pierre-B\u00e9nite se poursuivent au sud de Lyon. Ces ouvrages permettent notamment \u00e0 l\u2019autoroute A7 de franchir le Rh\u00f4ne entre les deux \u00e9changeurs A450\u00a0\u2013\u00a0A7\u00a0et A7\u00a0\u2013\u00a0p\u00e9riph\u00e9rique sur les communes de Saint-Fons et Pierre-B\u00e9nite.<\/p>\n<p>Dans le cadre du phasage des travaux, cela n\u00e9cessitera notamment la neutralisation d\u2019une voie dans le sens Lyon &#8211; Marseille du 6\u00a0janvier au 13 mai. Alors, afin de r\u00e9aliser les op\u00e9rations de balisage, l\u2019autoroute A7 sera enti\u00e8rement ferm\u00e9e \u00e0 la circulation de nuit demain, lundi 5 janvier, et mardi 6 janvier, entre 21 heures et 6 heures.<\/p>\n<p>Cette perturbation se r\u00e9p\u00e8tera en soir\u00e9e du 2 au 3 mars, puis du 3 au 4 mars prochains. Pendant les travaux, les usagers sont invit\u00e9s \u00e0 \u00e9viter la zone en empruntant les axes de transit\u00a0: rocade Est + A46, D383 + BPNL, D383+ A42 + A46.<\/p>\n<p><strong>Lire aussi :<\/strong> <a href=\"https:\/\/www.lyoncapitale.fr\/actualite\/des-travaux-debutent-sur-le-pont-autoroutier-de-pierre-benite-un-chantier-a-14-millions-d-euros\" target=\"_blank\" rel=\"noreferrer noopener\">Des travaux d\u00e9butent sur le pont autoroutier de Pierre-B\u00e9nite, un chantier \u00e0 14 millions d&rsquo;euros<\/a><\/p>\n","protected":false},"excerpt":{"rendered":"Viaducs de Pierre-B\u00e9nite, sur l\u2019autoroute A7. Cr\u00e9dit DIR Centre-Est Dans le cadre des travaux de r\u00e9novation des viaducs&hellip;\n","protected":false},"author":2,"featured_media":58209,"comment_status":"","ping_status":"","sticky":false,"template":"","format":"standard","meta":{"footnotes":""},"categories":[2814],"tags":[1111,11,1777,674,1011,27,884,12,882,25],"class_list":{"0":"post-640917","1":"post","2":"type-post","3":"status-publish","4":"format-standard","5":"has-post-thumbnail","7":"category-marseille","8":"tag-actu","9":"tag-actualites","10":"tag-eu","11":"tag-europe","12":"tag-fr","13":"tag-france","14":"tag-marseille","15":"tag-news","16":"tag-provence-alpes-cote-dazur","17":"tag-republique-francaise"},"share_on_mastodon":{"url":"https:\/\/pubeurope.com\/@fr\/115838343278187038","error":""},"_links":{"self":[{"href":"https:\/\/www.europesays.com\/fr\/wp-json\/wp\/v2\/posts\/640917","targetHints":{"allow":["GET"]}}],"collection":[{"href":"https:\/\/www.europesays.com\/fr\/wp-json\/wp\/v2\/posts"}],"about":[{"href":"https:\/\/www.europesays.com\/fr\/wp-json\/wp\/v2\/types\/post"}],"author":[{"embeddable":true,"href":"https:\/\/www.europesays.com\/fr\/wp-json\/wp\/v2\/users\/2"}],"replies":[{"embeddable":true,"href":"https:\/\/www.europesays.com\/fr\/wp-json\/wp\/v2\/comments?post=640917"}],"version-history":[{"count":0,"href":"https:\/\/www.europesays.com\/fr\/wp-json\/wp\/v2\/posts\/640917\/revisions"}],"wp:featuredmedia":[{"embeddable":true,"href":"https:\/\/www.europesays.com\/fr\/wp-json\/wp\/v2\/media\/58209"}],"wp:attachment":[{"href":"https:\/\/www.europesays.com\/fr\/wp-json\/wp\/v2\/media?parent=640917"}],"wp:term":[{"taxonomy":"category","embeddable":true,"href":"https:\/\/www.europesays.com\/fr\/wp-json\/wp\/v2\/categories?post=640917"},{"taxonomy":"post_tag","embeddable":true,"href":"https:\/\/www.europesays.com\/fr\/wp-json\/wp\/v2\/tags?post=640917"}],"curies":[{"name":"wp","href":"https:\/\/api.w.org\/{rel}","templated":true}]}}