{"id":640920,"date":"2026-01-04T18:54:12","date_gmt":"2026-01-04T18:54:12","guid":{"rendered":"https:\/\/www.europesays.com\/fr\/640920\/"},"modified":"2026-01-04T18:54:12","modified_gmt":"2026-01-04T18:54:12","slug":"six-hommes-qui-avaient-bloque-le-periph-pour-un-mariage-condamnes","status":"publish","type":"post","link":"https:\/\/www.europesays.com\/fr\/640920\/","title":{"rendered":"Six hommes qui avaient bloqu\u00e9 le p\u00e9riph pour un mariage condamn\u00e9s"},"content":{"rendered":"<p>Il aura fallu attendre un an et demi pour que la justice ne statue sur leur sort. Cette semaine, six individus ont \u00e9t\u00e9 reconnus coupables d\u2019avoir paralys\u00e9 <a href=\"https:\/\/www.20minutes.fr\/societe\/4097912-20240625-lyon-cortege-mariage-accident-provoquent-pagaille-abords-ville\" class=\"c-link c-link--is-underlined\" target=\"_blank\" rel=\"noopener\">le p\u00e9riph\u00e9rique de Lyon en marge d\u2019un mariage<\/a>. Les faits, qui remontent au mois de juin\u00a02024, avaient \u00e9t\u00e9 immortalis\u00e9s par plusieurs vid\u00e9os diffus\u00e9es sur les r\u00e9seaux sociaux. On y voyait des personnes bloquant la circulation dans un tunnel avec leurs grosses cylindr\u00e9es.<\/p>\n<p>Plusieurs individus \u00e9taient sortis des v\u00e9hicules pour c\u00e9l\u00e9brer et danser. <a href=\"https:\/\/www.leprogres.fr\/faits-divers-justice\/2026\/01\/02\/ils-avaient-bloque-le-peripherique-nord-lors-d-un-convoi-de-mariage-six-prevenus-ecopent-de-1-500-d-amende\" rel=\"nofollow noopener\" target=\"_blank\" class=\"c-link c-link--is-underlined\">D\u2019apr\u00e8s Le Progr\u00e8s<\/a>, six hommes ont \u00e9t\u00e9 condamn\u00e9s \u00e0 des peines de 1.500 euros d\u2019amende pour ces faits survenus en pleine journ\u00e9e.<\/p>\n<\/p>\n<p>Les faits avaient eu lieu en marge d\u2019un cort\u00e8ge de mariage qui s\u2019\u00e9tait tenu dans la m\u00e9tropole. Une dizaine de grosses cylindr\u00e9es circulant sur le p\u00e9riph\u00e9rique Nord au niveau de la Duch\u00e8re <a href=\"https:\/\/c.leprogres.fr\/faits-divers-justice\/2024\/06\/25\/zigzags-accelerations-et-danses-dans-le-tunnel-enquete-ouverte-apres-le-cortege-de-mariage-houleux\" rel=\"nofollow noopener\" target=\"_blank\" class=\"c-link c-link--is-underlined\">avaient soudainement bloqu\u00e9 l\u2019un des tunnels<\/a>, zigzaguant, freinant ou acc\u00e9l\u00e9rant sans se pr\u00e9occuper des autres v\u00e9hicules.<\/p>\n<p>Un peu plus tard, plusieurs v\u00e9hicules appartenant au cort\u00e8ge avaient \u00e9t\u00e9 percut\u00e9s par un autre automobiliste. Une bagarre avait alors \u00e9clat\u00e9 au milieu des voies.<\/p>\n","protected":false},"excerpt":{"rendered":"Il aura fallu attendre un an et demi pour que la justice ne statue sur leur sort. Cette&hellip;\n","protected":false},"author":2,"featured_media":640921,"comment_status":"","ping_status":"","sticky":false,"template":"","format":"standard","meta":{"footnotes":""},"categories":[1889],"tags":[1111,47,11,7087,2430,7551,5455,1777,674,1011,27,303,2428,1930,12,2694,25,2429,2431,4752],"class_list":{"0":"post-640920","1":"post","2":"type-post","3":"status-publish","4":"format-standard","5":"has-post-thumbnail","7":"category-lyon","8":"tag-actu","9":"tag-actualite","10":"tag-actualites","11":"tag-amende","12":"tag-auvergne-rhone-alpes","13":"tag-blocage","14":"tag-boulevard-peripherique","15":"tag-eu","16":"tag-europe","17":"tag-fr","18":"tag-france","19":"tag-justice","20":"tag-lyon","21":"tag-mariage","22":"tag-news","23":"tag-proces","24":"tag-republique-francaise","25":"tag-rhone","26":"tag-rhone-alpes","27":"tag-voiture"},"share_on_mastodon":{"url":"https:\/\/pubeurope.com\/@fr\/115838350935800616","error":""},"_links":{"self":[{"href":"https:\/\/www.europesays.com\/fr\/wp-json\/wp\/v2\/posts\/640920","targetHints":{"allow":["GET"]}}],"collection":[{"href":"https:\/\/www.europesays.com\/fr\/wp-json\/wp\/v2\/posts"}],"about":[{"href":"https:\/\/www.europesays.com\/fr\/wp-json\/wp\/v2\/types\/post"}],"author":[{"embeddable":true,"href":"https:\/\/www.europesays.com\/fr\/wp-json\/wp\/v2\/users\/2"}],"replies":[{"embeddable":true,"href":"https:\/\/www.europesays.com\/fr\/wp-json\/wp\/v2\/comments?post=640920"}],"version-history":[{"count":0,"href":"https:\/\/www.europesays.com\/fr\/wp-json\/wp\/v2\/posts\/640920\/revisions"}],"wp:featuredmedia":[{"embeddable":true,"href":"https:\/\/www.europesays.com\/fr\/wp-json\/wp\/v2\/media\/640921"}],"wp:attachment":[{"href":"https:\/\/www.europesays.com\/fr\/wp-json\/wp\/v2\/media?parent=640920"}],"wp:term":[{"taxonomy":"category","embeddable":true,"href":"https:\/\/www.europesays.com\/fr\/wp-json\/wp\/v2\/categories?post=640920"},{"taxonomy":"post_tag","embeddable":true,"href":"https:\/\/www.europesays.com\/fr\/wp-json\/wp\/v2\/tags?post=640920"}],"curies":[{"name":"wp","href":"https:\/\/api.w.org\/{rel}","templated":true}]}}