{"id":640931,"date":"2026-01-04T19:01:11","date_gmt":"2026-01-04T19:01:11","guid":{"rendered":"https:\/\/www.europesays.com\/fr\/640931\/"},"modified":"2026-01-04T19:01:11","modified_gmt":"2026-01-04T19:01:11","slug":"un-navire-russe-aurait-traine-son-ancre-sur-des-kilometres-et-endommage-un-cable-sous-marin-en-finlande","status":"publish","type":"post","link":"https:\/\/www.europesays.com\/fr\/640931\/","title":{"rendered":"Un navire russe aurait tra\u00een\u00e9 son ancre sur des kilom\u00e8tres et endommag\u00e9 un c\u00e2ble sous-marin en Finlande"},"content":{"rendered":"<p>Les enqu\u00eateurs retracent les man\u0153uvres du navire pour d\u00e9terminer s\u2019il a intentionnellement endommag\u00e9 ce c\u00e2ble sous-marin. Les gardes-c\u00f4tes finlandais ont saisi le 31\u00a0d\u00e9cembre le \u00ab\u00a0Fitburg\u00a0\u00bb, un cargo battant pavillon de Saint-Vincent-et-les-Grenadines, parti de Saint-P\u00e9tersbourg, en Russie, pour Ha\u00effa, en Isra\u00ebl.<\/p>\n<p>L\u2019ancre aurait tra\u00een\u00e9 sur plusieurs dizaines de kilom\u00e8tres<\/p>\n<p>Le bateau est soup\u00e7onn\u00e9 d\u2019\u00eatre responsable des d\u00e9g\u00e2ts caus\u00e9s \u00e0 un c\u00e2ble sous-marin, qui appartient au groupe finlandais de t\u00e9l\u00e9coms Elisa et se situait dans la zone \u00e9conomique exclusive estonienne.<\/p>\n<p>\u00ab\u00a0Sur la base des examens effectu\u00e9s jusqu\u2019\u00e0 pr\u00e9sent, il y a lieu de soup\u00e7onner que l\u2019ancre et la cha\u00eene d\u2019ancrage du navire \u00ab\u00a0Fitburg\u00a0\u00bb ont tra\u00een\u00e9 sur le fond marin sur au moins plusieurs dizaines de kilom\u00e8tres avant d\u2019atteindre le point o\u00f9 le c\u00e2ble de t\u00e9l\u00e9communications appartenant \u00e0 Elisa a \u00e9t\u00e9 endommag\u00e9\u00a0\u00bb, ajoute la police.<\/p>\n<p>Lors du proc\u00e8s \u00e0 l\u2019automne d\u2019un navire de la flotte fant\u00f4me russe ayant endommag\u00e9 des c\u00e2bles fin 2024, les procureurs finlandais avaient estim\u00e9 que l\u2019\u00e9quipage avait intentionnellement laiss\u00e9 tra\u00eener l\u2019ancre sur 90\u00a0kilom\u00e8tres. Le tribunal s\u2019\u00e9tait finalement d\u00e9clar\u00e9 incomp\u00e9tent pour juger cette affaire.<\/p>\n<p>Nouvel incident d\u2019une longue s\u00e9rie<\/p>\n<p>Dans l\u2019affaire du \u00ab\u00a0Fitburg\u00a0\u00bb, un membre d\u2019\u00e9quipage de nationalit\u00e9 azerba\u00efdjanaise a par ailleurs \u00e9t\u00e9 plac\u00e9 en d\u00e9tention pour une semaine par un tribunal d\u2019Helsinki \u00e0 la demande de la police, a indiqu\u00e9 le responsable de l\u2019enqu\u00eate, Kimmo Huhta-aho, \u00e0 des journalistes \u00e0 l\u2019issue de l\u2019audience. Un autre membre, de nationalit\u00e9 russe, est lui vis\u00e9 par une interdiction de se d\u00e9placer, portant \u00e0 trois le nombre de marins qui doivent rester en Finlande.<\/p>\n<p>L\u2019\u00e9quipage du navire \u00e9tait compos\u00e9 de quatorze membres originaires de Russie, de G\u00e9orgie, d\u2019Azerba\u00efdjan et du Kazakhstan. La police finlandaise a ouvert une enqu\u00eate pour \u00ab\u00a0dommages criminels aggrav\u00e9s, tentative de dommages criminels aggrav\u00e9s et entrave aggrav\u00e9e aux t\u00e9l\u00e9communications\u00a0\u00bb.<\/p>\n","protected":false},"excerpt":{"rendered":"Les enqu\u00eateurs retracent les man\u0153uvres du navire pour d\u00e9terminer s\u2019il a intentionnellement endommag\u00e9 ce c\u00e2ble sous-marin. Les gardes-c\u00f4tes&hellip;\n","protected":false},"author":2,"featured_media":640932,"comment_status":"","ping_status":"","sticky":false,"template":"","format":"standard","meta":{"footnotes":""},"categories":[1591],"tags":[11,1887,12,1885,1886,132],"class_list":{"0":"post-640931","1":"post","2":"type-post","3":"status-publish","4":"format-standard","5":"has-post-thumbnail","7":"category-russie","8":"tag-actualites","9":"tag-federation-de-russie","10":"tag-news","11":"tag-russia","12":"tag-russian-federation","13":"tag-russie"},"share_on_mastodon":{"url":"https:\/\/pubeurope.com\/@fr\/115838378515942412","error":""},"_links":{"self":[{"href":"https:\/\/www.europesays.com\/fr\/wp-json\/wp\/v2\/posts\/640931","targetHints":{"allow":["GET"]}}],"collection":[{"href":"https:\/\/www.europesays.com\/fr\/wp-json\/wp\/v2\/posts"}],"about":[{"href":"https:\/\/www.europesays.com\/fr\/wp-json\/wp\/v2\/types\/post"}],"author":[{"embeddable":true,"href":"https:\/\/www.europesays.com\/fr\/wp-json\/wp\/v2\/users\/2"}],"replies":[{"embeddable":true,"href":"https:\/\/www.europesays.com\/fr\/wp-json\/wp\/v2\/comments?post=640931"}],"version-history":[{"count":0,"href":"https:\/\/www.europesays.com\/fr\/wp-json\/wp\/v2\/posts\/640931\/revisions"}],"wp:featuredmedia":[{"embeddable":true,"href":"https:\/\/www.europesays.com\/fr\/wp-json\/wp\/v2\/media\/640932"}],"wp:attachment":[{"href":"https:\/\/www.europesays.com\/fr\/wp-json\/wp\/v2\/media?parent=640931"}],"wp:term":[{"taxonomy":"category","embeddable":true,"href":"https:\/\/www.europesays.com\/fr\/wp-json\/wp\/v2\/categories?post=640931"},{"taxonomy":"post_tag","embeddable":true,"href":"https:\/\/www.europesays.com\/fr\/wp-json\/wp\/v2\/tags?post=640931"}],"curies":[{"name":"wp","href":"https:\/\/api.w.org\/{rel}","templated":true}]}}