{"id":640933,"date":"2026-01-04T19:02:41","date_gmt":"2026-01-04T19:02:41","guid":{"rendered":"https:\/\/www.europesays.com\/fr\/640933\/"},"modified":"2026-01-04T19:02:41","modified_gmt":"2026-01-04T19:02:41","slug":"guerre-en-ukraine-comment-la-russie-utilise-la-culture-pour-reecrire-lhistoire","status":"publish","type":"post","link":"https:\/\/www.europesays.com\/fr\/640933\/","title":{"rendered":"Guerre en Ukraine\u00a0: comment la Russie utilise la culture pour r\u00e9\u00e9crire l\u2019Histoire"},"content":{"rendered":"<p>Cette strat\u00e9gie de la Russie entra\u00eene-t-elle un renforcement de l\u2019identit\u00e9 ukrainienne ou, au contraire, la fragilise-t-elle\u00a0?<\/p>\n<p>\u00ab\u00a0Il est certain que nous avons aujourd\u2019hui une nation qui a plus que jamais pris conscience de son existence sur le plan identitaire\u00a0\u00bb, analyse Adrien Nonjon. \u00ab\u00a0La r\u00e9volution du Ma\u00efdan en\u00a02014\u00a0avait d\u00e9clench\u00e9 cette prise de conscience g\u00e9n\u00e9ralis\u00e9e, mais la guerre aujourd\u2019hui renforce le patriotisme. D\u00e9sormais \u00eatre ukrainien, c\u2019est aussi combattre au nom de la survie d\u2019une nation. L\u2019Ukraine est en train de se construire comme l\u2019anti miroir de la Russie.\u00a0\u00bb<\/p>\n<blockquote>\n<p>Tout le monde n\u2019a pas \u00e9t\u00e9 mobilis\u00e9, loin de l\u00e0, toutes les familles n\u2019ont pas souffert de la m\u00eame mani\u00e8re.<\/p>\n<\/blockquote>\n<p>\u00ab\u00a0La guerre participe \u00e0 la construction d\u2019une identit\u00e9 transr\u00e9gionale en Ukraine\u00a0\u00bb, abonde\u00a0Nina Bachkatov.\u00a0\u00ab\u00a0Ce que Vladimir Poutine a r\u00e9ussi \u00e0 faire, c\u2019est recr\u00e9er une identit\u00e9\u00a0nationale ukrainienne. Mais nous sommes\u00a0en p\u00e9riode de guerre, je suis moins optimiste de ce qu\u2019il va se passer en p\u00e9riode de paix.\u00a0\u00bb<\/p>\n<p>Les deux sp\u00e9cialistes sont en effet\u00a0d\u2019accord sur un point\u00a0: la fin de la guerre am\u00e8nera son lot de questions et de revendications r\u00e9gionales, notamment en mati\u00e8re de langue. \u00ab\u00a0La particularit\u00e9 de cette guerre est que les habitants de l\u2019Ukraine en ont des exp\u00e9riences totalement diff\u00e9rentes. Tout le monde n\u2019a pas \u00e9t\u00e9 mobilis\u00e9, loin de l\u00e0, toutes les familles n\u2019ont pas souffert de la m\u00eame mani\u00e8re. Il y aura un travail important de pacification sociale \u00e0 mener apr\u00e8s la guerre\u00a0\u00bb, pr\u00e9voit\u00a0Nina Bachkatov.<\/p>\n<p>\u00ab\u00a0M\u00eame si nous avons\u00a0une soci\u00e9t\u00e9 ukrainienne qui semble aujourd\u2019hui indivisible et unie autour de l\u2019effort de guerre, il existe encore des divisions qui vont tr\u00e8s certainement r\u00e9\u00e9merger si la guerre finit par cesser\u00a0\u00bb, ajoute\u00a0Adrien Nonjon. \u00ab\u00a0Dans quelle mesure\u00a0certaines populations russophones ont collabor\u00e9 avec l\u2019arm\u00e9e russe\u00a0? Qu\u2019en est-il des populations rest\u00e9es dans les territoires occup\u00e9s\u00a0? Qu\u2019en est-il de ceux qui ont pris les routes de l\u2019exil\u00a0? Et de ceux qui veulent garder un soup\u00e7on de leur identit\u00e9 russophone\u00a0?\u00a0\u00bb<\/p>\n<p>La fin de la guerre, si elle est d\u00e9favorable \u00e0 l\u2019Ukraine, pourrait donc laisser derri\u00e8re elle une nation davantage fragilis\u00e9e.<\/p>\n","protected":false},"excerpt":{"rendered":"Cette strat\u00e9gie de la Russie entra\u00eene-t-elle un renforcement de l\u2019identit\u00e9 ukrainienne ou, au contraire, la fragilise-t-elle\u00a0? \u00ab\u00a0Il est&hellip;\n","protected":false},"author":2,"featured_media":640934,"comment_status":"","ping_status":"","sticky":false,"template":"","format":"standard","meta":{"footnotes":""},"categories":[1590],"tags":[11,1777,674,12,220],"class_list":{"0":"post-640933","1":"post","2":"type-post","3":"status-publish","4":"format-standard","5":"has-post-thumbnail","7":"category-ukraine","8":"tag-actualites","9":"tag-eu","10":"tag-europe","11":"tag-news","12":"tag-ukraine"},"share_on_mastodon":{"url":"https:\/\/pubeurope.com\/@fr\/115838382584041087","error":""},"_links":{"self":[{"href":"https:\/\/www.europesays.com\/fr\/wp-json\/wp\/v2\/posts\/640933","targetHints":{"allow":["GET"]}}],"collection":[{"href":"https:\/\/www.europesays.com\/fr\/wp-json\/wp\/v2\/posts"}],"about":[{"href":"https:\/\/www.europesays.com\/fr\/wp-json\/wp\/v2\/types\/post"}],"author":[{"embeddable":true,"href":"https:\/\/www.europesays.com\/fr\/wp-json\/wp\/v2\/users\/2"}],"replies":[{"embeddable":true,"href":"https:\/\/www.europesays.com\/fr\/wp-json\/wp\/v2\/comments?post=640933"}],"version-history":[{"count":0,"href":"https:\/\/www.europesays.com\/fr\/wp-json\/wp\/v2\/posts\/640933\/revisions"}],"wp:featuredmedia":[{"embeddable":true,"href":"https:\/\/www.europesays.com\/fr\/wp-json\/wp\/v2\/media\/640934"}],"wp:attachment":[{"href":"https:\/\/www.europesays.com\/fr\/wp-json\/wp\/v2\/media?parent=640933"}],"wp:term":[{"taxonomy":"category","embeddable":true,"href":"https:\/\/www.europesays.com\/fr\/wp-json\/wp\/v2\/categories?post=640933"},{"taxonomy":"post_tag","embeddable":true,"href":"https:\/\/www.europesays.com\/fr\/wp-json\/wp\/v2\/tags?post=640933"}],"curies":[{"name":"wp","href":"https:\/\/api.w.org\/{rel}","templated":true}]}}