{"id":640939,"date":"2026-01-04T19:05:11","date_gmt":"2026-01-04T19:05:11","guid":{"rendered":"https:\/\/www.europesays.com\/fr\/640939\/"},"modified":"2026-01-04T19:05:11","modified_gmt":"2026-01-04T19:05:11","slug":"larmee-allemande-ebranlee-par-un-scandale-neo-nazi-et-sexiste","status":"publish","type":"post","link":"https:\/\/www.europesays.com\/fr\/640939\/","title":{"rendered":"l\u2019arm\u00e9e allemande \u00e9branl\u00e9e par un scandale n\u00e9o-nazi et sexiste"},"content":{"rendered":"<p>Un scandale vient de frapper ce r\u00e9giment. Le dossier ouvert par le commandement de l\u2019arm\u00e9e de terre porte sur plus de 200 d\u00e9lits \u00e0 caract\u00e8res p\u00e9nal et disciplinaire commis dans\u00a0les murs de la caserne de Niederauerbach. Les investigations, d\u00e9j\u00e0 d\u00e9taill\u00e9es sur 6\u00a0000 pages, se poursuivent. \u00c0 ce stade, 55\u00a0suspects ont d\u00e9j\u00e0 \u00e9t\u00e9 identifi\u00e9s dont plusieurs sous-officiers. 19\u00a0exclusions de la troupe sont effectives ou en cours, et 16\u00a0dossiers ont \u00e9t\u00e9 transmis \u00e0 la justice civile notamment pour consommation de coca\u00efne et usage de symboles anticonstitutionnels.<\/p>\n<p>\u00ab\u00a0F\u00eate nazie\u00a0\u00bb et bizutage<\/p>\n<p>Le parquet dispose de photos de soldats prises lors d\u2019une \u00ab\u00a0f\u00eate nazie\u00a0\u00bb\u00a0: ils posent en uniforme noir et brassards rouges. Le blog (Augen geradeaus) de Thomas Wiegold, journaliste observant la vie militaire depuis trente-deux\u00a0ans, fait r\u00e9f\u00e9rence. Il n\u2019a pas \u00e9t\u00e9 surpris par le scandale mais \u00ab\u00a0par sa dimension\u00a0\u00bb. Plusieurs t\u00e9moignages font \u00e9tat de \u00ab\u00a0r\u00e9f\u00e9rences permanentes \u00e0 la Wehrmacht, de saluts hitl\u00e9riens dans les couloirs, d\u2019insultes antis\u00e9mites et de rituels violents\u00a0\u00bb. Comme le bizutage de la broche accroch\u00e9e sur la poitrine apr\u00e8s le premier saut sur laquelle frappent les autres parachustistes de l\u2019unit\u00e9 \u00ab\u00a0jusqu\u2019au sang et avec un plaisir certain\u00a0\u00bb a t\u00e9moign\u00e9 une femme dans les colonnes de la \u201cFrankfurter Allgemeine Zeitung\u201d.<\/p>\n<p>Ce sont deux soldates victimes d\u2019exhibition sexuelle et de menaces de viols, parfois de la part de leur sup\u00e9rieur direct, qui ont d\u00e9nonc\u00e9 l\u2019\u00e9t\u00e9 dernier les agissements de cette clique d\u2019extr\u00eame droite. Elles ont remis un rapport \u00e0 la commissaire aux forces arm\u00e9es du Bundestag. Lors d\u2019une visite dans cette caserne de 1\u00a0200 soldats, en octobre 2024, Eva H\u00f6gl avait incit\u00e9 les jeunes femmes parachutistes (5\u00a0% des effectifs) \u00e0 \u00ab\u00a0d\u00e9noncer les discriminations et les humiliations\u00a0\u00bb.<\/p>\n<p>\u00ab\u00a0R\u00e9fl\u00e9chir avant de s\u2019engager\u00a0\u00bb<\/p>\n<p>Souvent en traitement th\u00e9rapeutique, celles qui ont parl\u00e9 depuis ont quitt\u00e9 l\u2019arm\u00e9e, apr\u00e8s avoir beaucoup donn\u00e9 pour int\u00e9grer ses rangs. La Bundeswehr essaie justement d\u2019initier le mouvement inverse. Sa campagne de recrutement cible en particulier les jeunes femmes, avantageusement pr\u00e9sent\u00e9es en tenue camouflage ou \u00e0 la tourelle d\u2019un char sous le slogan \u00ab\u00a0Weil du es kannst\u00a0\u00bb (\u00ab\u00a0Parce que tu le peux\u201d) relay\u00e9e sur TikTok et Youtube.<\/p>\n","protected":false},"excerpt":{"rendered":"Un scandale vient de frapper ce r\u00e9giment. Le dossier ouvert par le commandement de l\u2019arm\u00e9e de terre porte&hellip;\n","protected":false},"author":2,"featured_media":640940,"comment_status":"","ping_status":"","sticky":false,"template":"","format":"standard","meta":{"footnotes":""},"categories":[1587],"tags":[11,672,1804,1805,1803,1777,674,1801,12,1802],"class_list":{"0":"post-640939","1":"post","2":"type-post","3":"status-publish","4":"format-standard","5":"has-post-thumbnail","7":"category-allemagne","8":"tag-actualites","9":"tag-allemagne","10":"tag-bundesrepublik-deutschland","11":"tag-de","12":"tag-deutschland","13":"tag-eu","14":"tag-europe","15":"tag-germany","16":"tag-news","17":"tag-republique-federale-dallemagne"},"share_on_mastodon":{"url":"https:\/\/pubeurope.com\/@fr\/115838394334416657","error":""},"_links":{"self":[{"href":"https:\/\/www.europesays.com\/fr\/wp-json\/wp\/v2\/posts\/640939","targetHints":{"allow":["GET"]}}],"collection":[{"href":"https:\/\/www.europesays.com\/fr\/wp-json\/wp\/v2\/posts"}],"about":[{"href":"https:\/\/www.europesays.com\/fr\/wp-json\/wp\/v2\/types\/post"}],"author":[{"embeddable":true,"href":"https:\/\/www.europesays.com\/fr\/wp-json\/wp\/v2\/users\/2"}],"replies":[{"embeddable":true,"href":"https:\/\/www.europesays.com\/fr\/wp-json\/wp\/v2\/comments?post=640939"}],"version-history":[{"count":0,"href":"https:\/\/www.europesays.com\/fr\/wp-json\/wp\/v2\/posts\/640939\/revisions"}],"wp:featuredmedia":[{"embeddable":true,"href":"https:\/\/www.europesays.com\/fr\/wp-json\/wp\/v2\/media\/640940"}],"wp:attachment":[{"href":"https:\/\/www.europesays.com\/fr\/wp-json\/wp\/v2\/media?parent=640939"}],"wp:term":[{"taxonomy":"category","embeddable":true,"href":"https:\/\/www.europesays.com\/fr\/wp-json\/wp\/v2\/categories?post=640939"},{"taxonomy":"post_tag","embeddable":true,"href":"https:\/\/www.europesays.com\/fr\/wp-json\/wp\/v2\/tags?post=640939"}],"curies":[{"name":"wp","href":"https:\/\/api.w.org\/{rel}","templated":true}]}}