{"id":640956,"date":"2026-01-04T19:18:10","date_gmt":"2026-01-04T19:18:10","guid":{"rendered":"https:\/\/www.europesays.com\/fr\/640956\/"},"modified":"2026-01-04T19:18:10","modified_gmt":"2026-01-04T19:18:10","slug":"deux-crevaisons-mais-le-sourire-pour-aubin-sparfel-actualite","status":"publish","type":"post","link":"https:\/\/www.europesays.com\/fr\/640956\/","title":{"rendered":"Deux crevaisons mais le sourire pour Aubin Sparfel &#8211; Actualit\u00e9"},"content":{"rendered":"<p dir=\"ltr\">Grande premi\u00e8re pour <strong><a href=\"https:\/\/www.directvelo.com\/coureur\/43328\/aubin-sparfel\" target=\"_blank\" rel=\"noopener\">Aubin Sparfel<\/a><\/strong>. Pour la toute premi\u00e8re fois de sa jeune carri\u00e8re, le gar\u00e7on de 19 ans disputait ce dimanche \u00e0 Zonhoven (Belgique) une manche de la Coupe du Monde parmi les \u00c9lites. <strong><a href=\"https:\/\/www.directvelo.com\/actualite\/126241\/cc-coupe-du-monde-9-elite-hommes-classements\" target=\"_blank\" rel=\"noopener\">Et s\u2019il lui en a manqu\u00e9 peu pour rentrer dans le Top 20<\/a><\/strong>, la satisfaction se lisait sur son visage \u00e0 l\u2019arriv\u00e9e. \u201cC&rsquo;\u00e9tait plut\u00f4t sympa et chouette pour une premi\u00e8re\u201d, appr\u00e9cie-t-il au micro de DirectVelo. <\/p>\n<p dir=\"ltr\">Sa course n\u2019a pour autant pas \u00e9t\u00e9 un long fleuve tranquille. Le soci\u00e9taire de la Continentale de Decathlon CMA CGM a connu un d\u00e9part difficile.\u00a0\u201cJe me suis un peu fait taper dessus. Du coup, je me suis retrouv\u00e9 enferm\u00e9\u201d, dit le coureur plac\u00e9 en troisi\u00e8me ligne sur la grille de d\u00e9part. Mais le Vosgien a pu remonter ensuite \u00e0 la 13e place avant de reculer. \u201cJ\u2019ai crev\u00e9 une premi\u00e8re fois, \u00e7a m\u2019a fait perdre beaucoup de temps. Puis j\u2019ai re-crev\u00e9 au m\u00eame endroit dans le tour suivant. Je suis un peu sorti de ma course. Ces deux crevaisons m\u2019ont peut-\u00eatre fait perdre une super place\u201d. <\/p>\n<p><strong>LES \u00c9LITES OU LES ESPOIRS \u00c0 TROYES ?<\/strong> <\/p>\n<p>Mais Aubin Sparfel veut surtout retenir sa forme alors qu\u2019a d\u00e9but\u00e9 le mois le plus important de la saison hivernale. \u201cJ&rsquo;\u00e9tais bien, je suis vraiment content des sensations et de ma technique. C&rsquo;\u00e9tait sp\u00e9cial, avec la neige et le sable. Tous les virages \u00e9taient tr\u00e8s glissants et on pouvait vite partir \u00e0 la faute. Mais j&rsquo;ai essay\u00e9 de bien g\u00e9rer le truc\u201d.<\/p>\n<p>Le voil\u00e0 en pleine confiance avant le Championnat de France qui aura lieu le week-end prochain \u00e0 Troyes. Le coureur surclass\u00e9 en \u00c9lites sur la Coupe de France cette saison a laiss\u00e9 entendre depuis le d\u00e9but de la saison qu\u2019il lutterait face aux Espoirs pour le titre national. Mais Aubin Sparfel a mis un peu de suspense ce dimanche.\u00a0 \u201cSurprise\u2026 Je ne sais pas, je vais voir, sourit-il. Mais je ne veux pas griller les \u00e9tapes et peut-\u00eatre que je serai au d\u00e9part de la course Espoirs samedi\u201d. Peu importe la course o\u00f9 il s\u2019alignera dans l\u2019Aube, le vainqueur de la Coupe de France \u00c9lites a largement les moyens de d\u00e9crocher son tout premier titre national.<\/p>\n<p>\u00a0<\/p>\n","protected":false},"excerpt":{"rendered":"Grande premi\u00e8re pour Aubin Sparfel. Pour la toute premi\u00e8re fois de sa jeune carri\u00e8re, le gar\u00e7on de 19&hellip;\n","protected":false},"author":2,"featured_media":640957,"comment_status":"","ping_status":"","sticky":false,"template":"","format":"standard","meta":{"footnotes":""},"categories":[1411],"tags":[834,828,836,829,837,827,83,826,824,823,1154,207,814,817,815,816,822,821,832,211,839,1011,27,820,818,819,835,831,830,833,838,60,212,208,825],"class_list":{"0":"post-640956","1":"post","2":"type-post","3":"status-publish","4":"format-standard","5":"has-post-thumbnail","7":"category-cyclisme","8":"tag-attaque","9":"tag-belgique","10":"tag-braquet","11":"tag-bretagne","12":"tag-chute","13":"tag-competition","14":"tag-coupe-de-france","15":"tag-coureur","16":"tag-course-cyclisme","17":"tag-course-cycliste","18":"tag-cycling","19":"tag-cyclisme","20":"tag-direct","21":"tag-direct-velo","22":"tag-directvelo","23":"tag-directvelo-com","24":"tag-epreuve","25":"tag-epreuve-cycliste","26":"tag-federation-francaise-de-cyclisme","27":"tag-ffc","28":"tag-flandres","29":"tag-fr","30":"tag-france","31":"tag-live","32":"tag-live-course","33":"tag-live-epreuve","34":"tag-peloton","35":"tag-radio-peloton","36":"tag-radio-tour","37":"tag-ravitaillement","38":"tag-relance","39":"tag-sports","40":"tag-uci","41":"tag-velo","42":"tag-velos"},"share_on_mastodon":{"url":"https:\/\/pubeurope.com\/@fr\/115838445402326918","error":""},"_links":{"self":[{"href":"https:\/\/www.europesays.com\/fr\/wp-json\/wp\/v2\/posts\/640956","targetHints":{"allow":["GET"]}}],"collection":[{"href":"https:\/\/www.europesays.com\/fr\/wp-json\/wp\/v2\/posts"}],"about":[{"href":"https:\/\/www.europesays.com\/fr\/wp-json\/wp\/v2\/types\/post"}],"author":[{"embeddable":true,"href":"https:\/\/www.europesays.com\/fr\/wp-json\/wp\/v2\/users\/2"}],"replies":[{"embeddable":true,"href":"https:\/\/www.europesays.com\/fr\/wp-json\/wp\/v2\/comments?post=640956"}],"version-history":[{"count":0,"href":"https:\/\/www.europesays.com\/fr\/wp-json\/wp\/v2\/posts\/640956\/revisions"}],"wp:featuredmedia":[{"embeddable":true,"href":"https:\/\/www.europesays.com\/fr\/wp-json\/wp\/v2\/media\/640957"}],"wp:attachment":[{"href":"https:\/\/www.europesays.com\/fr\/wp-json\/wp\/v2\/media?parent=640956"}],"wp:term":[{"taxonomy":"category","embeddable":true,"href":"https:\/\/www.europesays.com\/fr\/wp-json\/wp\/v2\/categories?post=640956"},{"taxonomy":"post_tag","embeddable":true,"href":"https:\/\/www.europesays.com\/fr\/wp-json\/wp\/v2\/tags?post=640956"}],"curies":[{"name":"wp","href":"https:\/\/api.w.org\/{rel}","templated":true}]}}