{"id":640966,"date":"2026-01-04T19:24:13","date_gmt":"2026-01-04T19:24:13","guid":{"rendered":"https:\/\/www.europesays.com\/fr\/640966\/"},"modified":"2026-01-04T19:24:13","modified_gmt":"2026-01-04T19:24:13","slug":"je-le-vivais-mal-frederic-francois-revele-avoir-menti-sur-sa-vie-sentimentale-dans-un-dimanche-a-la-campagne","status":"publish","type":"post","link":"https:\/\/www.europesays.com\/fr\/640966\/","title":{"rendered":"\u00ab\u00a0Je le vivais mal\u00a0\u00bb : Fr\u00e9d\u00e9ric Fran\u00e7ois r\u00e9v\u00e8le avoir menti sur sa vie sentimentale dans Un dimanche \u00e0 la campagne"},"content":{"rendered":"<p>Dans Un dimanche \u00e0 la campagne ce 4 janvier sur France 2, Fr\u00e9d\u00e9ric Fran\u00e7ois s&rsquo;est souvenu des craintes de sa maison de disques au d\u00e9but de sa carri\u00e8re s&rsquo;il avait dit la v\u00e9rit\u00e9 sur sa situation conjugale.<\/p>\n<p>Un d\u00e9but de carri\u00e8re sous couverture. Invit\u00e9 du premier num\u00e9ro de l&rsquo;ann\u00e9e d&rsquo;<a href=\"https:\/\/www.programme-tv.net\/news\/tv\/392990-un-dimanche-a-la-campagne-4-cameras-12h-de-tournage-le-dispositif-impressionnant-du-tournage-de-l-emission-de-frederic-lopez\/\" data-api-deeplink=\"teleloisirs:\/\/news\/392990\" target=\"_blank\" rel=\"noopener\">Un dimanche \u00e0 la campagne<\/a> ce dimanche 4\u00a0janvier 2026 sur France 2, le chanteur <a href=\"https:\/\/www.programme-tv.net\/news\/people\/380241-plus-personne-ne-voulait-de-moi-frederic-francois-a-fait-face-a-des-problemes-de-sante-lors-de-sa-traversee-du-desert\/\" data-api-deeplink=\"teleloisirs:\/\/news\/380241\" target=\"_blank\" rel=\"noopener\">Fr\u00e9d\u00e9ric Fran\u00e7ois est revenu sur ses premi\u00e8res ann\u00e9es d&rsquo;artiste<\/a>. D&rsquo;abord plac\u00e9e sous le signe des reprises, avec un succ\u00e8s mitig\u00e9, la carri\u00e8re de l&rsquo;homme aujourd&rsquo;hui \u00e2g\u00e9 de 75 ans, a commenc\u00e9 \u00e0 d\u00e9coller lorsqu&rsquo;il a publi\u00e9 ses propres compositions.<b> Des titres qui parlaient souvent d&rsquo;amour, <\/b>comme Je voudrais dormir pr\u00e8s de toi, dont Fr\u00e9d\u00e9ric Lopez a diffus\u00e9 un extrait dans son \u00e9mission.<\/p>\n<p>Le chanteur est ainsi devenu ce qu&rsquo;on appelait \u00e0 l&rsquo;\u00e9poque un chanteur \u00e0 midinettes, qui attirait les jeunes filles en qu\u00eate d&rsquo;amour et cherchaient une idole. \u00ab\u00a0On est devenus des chanteurs \u00e0 midinettes parce que chaque fois qu&rsquo;on \u00e9tait sur sc\u00e8ne, les filles criaient, comme elles le faisaient pour <a href=\"https:\/\/www.programme-tv.net\/biographie\/20489-presley-elvis\/\" data-link-people=\"e000ef52-5272-4a77-abf3-e060471a8014\" target=\"_blank\" rel=\"noopener\">Elvis Presley<\/a>, pour Franck Sinatra, pour <a href=\"https:\/\/www.programme-tv.net\/biographie\/3360-hallyday-johnny\/\" data-link-people=\"a4faf8a0-392e-4667-b1ac-10fd635b3319\" target=\"_blank\" rel=\"noopener\">Johnny Hallyday<\/a>\u2026 <b>C&rsquo;\u00e9taient des jeunes filles qui r\u00eavaient<\/b> et qui mettaient des posters dans leur chambre\u00a0\u00bb, a rapport\u00e9 Fr\u00e9d\u00e9ric Fran\u00e7ois. Mais ces fans savaient-elles que Fr\u00e9d\u00e9ric, de son vrai pr\u00e9nom Francesco, <a href=\"https:\/\/www.programme-tv.net\/news\/people\/391719-le-coup-de-foudre-frederic-francois-marie-depuis-plus-de-50-ans-il-raconte-sa-rencontre-avec-sa-femme-monique\/\" data-api-deeplink=\"teleloisirs:\/\/news\/391719\" target=\"_blank\" rel=\"noopener\">\u00e9tait d\u00e9j\u00e0 en couple \u00e0 cette \u00e9poque\u00a0?<\/a> C&rsquo;est la question pos\u00e9e par Fr\u00e9d\u00e9ric Lopez. \u00ab\u00a0Je vais vous dire la v\u00e9rit\u00e9, au d\u00e9but, on l&rsquo;a cach\u00e9, a r\u00e9v\u00e9l\u00e9 l&rsquo;Italien. Je le vivais mal parce que la maison de disques nous obligeait \u00e0 le cacher\u00a0\u00bb.<\/p>\n<p>                        \u00ab\u00a0Je ne pouvais pas dire non\u00a0\u00bb\u00a0: le jour o\u00f9 Fr\u00e9d\u00e9ric Fran\u00e7ois a officialis\u00e9 sa relation avec Monique<\/p>\n<p>Jusqu&rsquo;au jour o\u00f9, sur Europe 1, <b>une fan lui a demand\u00e9 de fa\u00e7on directe s&rsquo;il \u00e9tait mari\u00e9. <\/b>Moment de flottement. \u00ab\u00a0Je ne pouvais pas dire non\u00a0\u00bb, a rembobin\u00e9 le chanteur. \u00ab\u00a0Je me suis mari\u00e9 \u00e0 20 ans, j&rsquo;avais d\u00e9j\u00e0 un enfant et personne n&rsquo;en savait rien\u00a0\u00bb.<\/p>\n<p>Mais cette r\u00e9v\u00e9lation n&rsquo;a pas refroidi son public f\u00e9minin, contrairement aux craintes de la maison de disques de Fr\u00e9d\u00e9ric Fran\u00e7ois. \u00ab\u00a0Les m\u00e8res disaient que j&rsquo;\u00e9tais le gendre qu&rsquo;elles auraient peut-\u00eatre voulu avoir\u00a0\u00bb, a-t-il pr\u00e9cis\u00e9, satisfait. <a href=\"https:\/\/www.programme-tv.net\/news\/people\/390821-je-ne-me-suis-pas-fait-operer-frederic-francois-balaie-les-nombreuses-rumeurs-sur-son-etat-de-sante\/\" data-api-deeplink=\"teleloisirs:\/\/news\/390821\" target=\"_blank\" rel=\"noopener\">Infatigable malgr\u00e9 plusieurs d\u00e9cennies de carri\u00e8re<\/a>, Fr\u00e9d\u00e9ric Fran\u00e7ois va d\u00e9buter dans les prochains jours une tourn\u00e9e de 40 dates dans toute la France mais aussi en Belgique.<\/p>\n","protected":false},"excerpt":{"rendered":"Dans Un dimanche \u00e0 la campagne ce 4 janvier sur France 2, Fr\u00e9d\u00e9ric Fran\u00e7ois s&rsquo;est souvenu des craintes&hellip;\n","protected":false},"author":2,"featured_media":640967,"comment_status":"","ping_status":"","sticky":false,"template":"","format":"standard","meta":{"footnotes":""},"categories":[1355],"tags":[244,58,59,1011,27,594,61860,12294,1361,873,12295,1630],"class_list":{"0":"post-640966","1":"post","2":"type-post","3":"status-publish","4":"format-standard","5":"has-post-thumbnail","7":"category-musique","8":"tag-commentaire","9":"tag-divertissement","10":"tag-entertainment","11":"tag-fr","12":"tag-france","13":"tag-france-2","14":"tag-fru00e9du00e9ric-franu00e7ois","15":"tag-fru00e9du00e9ric-lopez","16":"tag-music","17":"tag-musique","18":"tag-un-dimanche-u00e0-la-campagne","19":"tag-zapping"},"share_on_mastodon":{"url":"https:\/\/pubeurope.com\/@fr\/115838469230414226","error":""},"_links":{"self":[{"href":"https:\/\/www.europesays.com\/fr\/wp-json\/wp\/v2\/posts\/640966","targetHints":{"allow":["GET"]}}],"collection":[{"href":"https:\/\/www.europesays.com\/fr\/wp-json\/wp\/v2\/posts"}],"about":[{"href":"https:\/\/www.europesays.com\/fr\/wp-json\/wp\/v2\/types\/post"}],"author":[{"embeddable":true,"href":"https:\/\/www.europesays.com\/fr\/wp-json\/wp\/v2\/users\/2"}],"replies":[{"embeddable":true,"href":"https:\/\/www.europesays.com\/fr\/wp-json\/wp\/v2\/comments?post=640966"}],"version-history":[{"count":0,"href":"https:\/\/www.europesays.com\/fr\/wp-json\/wp\/v2\/posts\/640966\/revisions"}],"wp:featuredmedia":[{"embeddable":true,"href":"https:\/\/www.europesays.com\/fr\/wp-json\/wp\/v2\/media\/640967"}],"wp:attachment":[{"href":"https:\/\/www.europesays.com\/fr\/wp-json\/wp\/v2\/media?parent=640966"}],"wp:term":[{"taxonomy":"category","embeddable":true,"href":"https:\/\/www.europesays.com\/fr\/wp-json\/wp\/v2\/categories?post=640966"},{"taxonomy":"post_tag","embeddable":true,"href":"https:\/\/www.europesays.com\/fr\/wp-json\/wp\/v2\/tags?post=640966"}],"curies":[{"name":"wp","href":"https:\/\/api.w.org\/{rel}","templated":true}]}}