{"id":640991,"date":"2026-01-04T19:41:12","date_gmt":"2026-01-04T19:41:12","guid":{"rendered":"https:\/\/www.europesays.com\/fr\/640991\/"},"modified":"2026-01-04T19:41:12","modified_gmt":"2026-01-04T19:41:12","slug":"lappel-cinglant-de-bernard-laporte-vers-un-arbitre-en-2014","status":"publish","type":"post","link":"https:\/\/www.europesays.com\/fr\/640991\/","title":{"rendered":"L&rsquo;appel cinglant de Bernard Laporte vers un arbitre en 2014"},"content":{"rendered":"<p>                    Par<br \/>\n        <strong><br \/>\n            <a href=\"https:\/\/actu.fr\/auteur\/lucas-bertolotto\" title=\"Consulter tous les articles de Lucas Bertolotto\" target=\"_blank\" rel=\"noopener\">Lucas Bertolotto<\/a><br \/>\n                    <\/strong><\/p>\n<p>        Publi\u00e9 le<\/p>\n<p>            4 janv. 2026 \u00e0 19h20        <\/p>\n<p>Ce 4 janvier 2026 est un anniversaire particulier pour l\u2019ancien arbitre <strong>Laurent Cardona<\/strong>. L\u2019ex-homme en noir a publi\u00e9 une vid\u00e9o sur sa cha\u00eene <a href=\"https:\/\/www.youtube.com\/watch?v=9MXuK69OqH4&amp;t=76s\" target=\"_blank\" rel=\"noopener\">Youtube<\/a> ce dimanche pour raconter les coulisses d\u2019une d\u00e9cision arbitrale tr\u00e8s critiqu\u00e9e lors d\u2019un match de Top 14 entre le <strong>RC Toulon<\/strong> et le <strong>FC Grenoble<\/strong> le 4 janvier 2014.<\/p>\n<p>Une d\u00e9cision en faveur de Grenoble lors d\u2019une victoire historique<\/p>\n<p class=\" wall-content\">Douze ans plus tard, <strong>Laurent Cardona<\/strong> d\u00e9voile tout ! L\u2019ancien arbitre a publi\u00e9 une vid\u00e9o sur sa cha\u00eene <a href=\"https:\/\/www.youtube.com\/watch?v=9MXuK69OqH4&amp;t=76s\" target=\"_blank\" rel=\"noopener\">Youtube<\/a> ce dimanche pour revenir en d\u00e9tail sur une d\u00e9cision arbitrale tr\u00e8s critiqu\u00e9e, prise lors d\u2019un match de Top 14 entre <strong>Toulon<\/strong> et <strong>Grenoble<\/strong> le 4 janvier 2014. Il r\u00e9v\u00e8le notamment un appel t\u00e9l\u00e9phonique cinglant pass\u00e9 par <strong>Bernard Laporte<\/strong>, manager du RCT \u00e0 l\u2019\u00e9poque.<\/p>\n<p class=\" wall-content\">\n<p class=\" wall-content\"><strong>Laurent Cardona<\/strong> explique tout d\u2019abord sa d\u00e9cision, un avantage annonc\u00e9 termin\u00e9 en faveur des Varois qui se sont finalement fait intercepter et ont encaiss\u00e9 un essai fatal. Une r\u00e9alisation d\u2019<strong>Alipate Ratini<\/strong> qui avait permis \u00e0 <strong>Grenoble<\/strong> de l\u2019emporter d\u2019un tout petit point au stade Mayol pour lancer son ann\u00e9e 2014 (22-21).<\/p>\n<p class=\" wall-content\">Apr\u00e8s \u00eatre revenu sur l\u2019action en question pendant quelques minutes, l\u2019ex-arbitre a d\u00e9voil\u00e9 un message t\u00e9l\u00e9phonique laiss\u00e9 par <strong>Bernard Laporte<\/strong> sur son r\u00e9pondeur pendant qu\u2019il rentrait chez lui en voiture : \u00ab Tout se passe tr\u00e8s tr\u00e8s bien lors de la r\u00e9ception d\u2019apr\u00e8s-match. Apr\u00e8s la r\u00e9ception je repars en direction de chez moi. Bernard Laporte m\u2019appelle lorsque je suis en voiture et me laisse un long message vocal. \u00bb<\/p>\n<p>Bernard Laporte : \u00ab Tu es nul \u00bb<\/p>\n<p class=\" wall-content\">\u00ab C\u2019est<strong> Bernard Laporte<\/strong> \u00e0 l\u2019appareil, je viens d\u2019avoir <strong>Didier Men\u00e9<\/strong>, il faut que tu arr\u00eates d\u2019arbitrer. Je te le dis simplement. Il faut que tu d\u00e9missionnes, je te le dis franchement. Si ta femme se fait baiser par un Toulonnais, il faut que tu nous le dises, nous on n\u2019y est pour rien. Tu es nul. Il faut que tu arr\u00eates \u00bb avait ass\u00e9n\u00e9 l\u2019ancien manager du <strong>RC Toulon<\/strong>. Avant de conclure par : \u00ab Tu me rappelles quand tu veux. \u00bb<\/p>\n<blockquote class=\"ac-article-quote wall-content\">\n<p>\u00ab Va jouer \u00e0 la p\u00e9tanque, fais autre chose, mais n&rsquo;arbitre pas. Tout le monde dit que tu es nul donc il faut que tu arr\u00eates. Tu te rends compte que ce que tu fais aujourd&rsquo;hui c&rsquo;est grave. Ce n&rsquo;est pas possible. \u00bb<\/p>\n<p>    <strong>Bernard Laporte<\/strong><br \/>\n        Envers Laurent Cardona    <\/p><\/blockquote>\n<p class=\" wall-content\">Alors que l\u2019affaire avait pris une dimension m\u00e9diatique hors-norme, <strong>Laurent Cardona<\/strong> avoue avoir \u00ab choisi de couper mon t\u00e9l\u00e9phone tellement c\u2019\u00e9tait insupportable \u00bb dans les jours qui ont suivi cette rencontre. Tous les m\u00e9dias souhaitaient une interview de l\u2019homme en noir et c\u2019est finalement sur RMC Sport, dans l\u2019\u00e9mission Le Moscato Show, qu\u2019il avait pris la parole pour r\u00e9pondre \u00e0 <strong>Bernard Laporte<\/strong>, invit\u00e9 la veille et qui l\u2019avait qualifi\u00e9 de \u00ab\u00a0pipe\u00a0\u00bb.<\/p>\n<p>Votre r\u00e9gion, votre actu !<\/p>\n<p>Recevez chaque jour les infos qui comptent pour vous.<\/p>\n<p>\t<a href=\"https:\/\/actu.fr\/newsletter\" class=\"ac-btn ac-btn--corner ac-btn--medium ac-btn--blue800\" target=\"_blank\" rel=\"noopener\">S&rsquo;incrire<\/a><\/p>\n<p class=\" wall-content\">S\u2019il raconte cet \u00e9pisode ce dimanche, c\u2019est parce que l\u2019histoire entre <strong>Laurent Cardona<\/strong>, <strong>Bernard Laporte<\/strong> et le <strong>RC Toulon<\/strong> s\u2019est bien termin\u00e9e. L\u2019ancien arbitre a m\u00eame pr\u00e9venu l\u2019ex-manager rouge et noir et lui a demand\u00e9 son accord avant de publier cette vid\u00e9o sur sa cha\u00eene Youtube comme il l\u2019explique \u00e0 <a href=\"https:\/\/www.rugbyrama.fr\/2026\/01\/04\/top-14-tu-es-nul-va-jouer-a-la-petanque-mais-narbitre-pas-douze-ans-apres-laurent-cardona-raconte-les-coulisses-du-scandale-a-toulon-13143270.php\" target=\"_blank\" rel=\"noopener\">Rugbyrama<\/a>.\u00a0<\/p>\n<p>Laurent Cardona : \u00ab Ils m\u2019ont presque remerci\u00e9 pour ce geste \u00bb<\/p>\n<p class=\" wall-content\">\u00ab Il faut savoir que plusieurs semaines apr\u00e8s, <strong>Bernard Laporte<\/strong>, <strong>Mourad Boudjellal<\/strong> et moi-m\u00eame avons d\u00e9jeun\u00e9 ensemble afin de discuter de cet \u00e9v\u00e9nement, avoue Laurent Cardona. Tout allait bien. Les Toulonnais \u00e9taient \u00e0 la veille de remporter la Coupe d\u2019Europe et le Top 14. Ils m\u2019ont presque remerci\u00e9 pour ce geste, non calcul\u00e9 et involontaire, car cette d\u00e9faite leur a servi pour repartir sur une fin de saison extraordinaire. \u00bb<\/p>\n<p class=\" wall-content\">\n<p class=\" wall-content\">Une fin heureuse pour <strong>Laurent Cardona<\/strong> et l\u2019ancien patron de la F\u00e9d\u00e9ration fran\u00e7aise de rugby qui avait m\u00eame assist\u00e9 \u00e0 son dernier match en tant qu\u2019arbitre au stade Mayol le 21 mai 2022 : \u00ab J\u2019ai invit\u00e9 <strong>Bernard Laporte<\/strong> qui m\u2019a r\u00e9pondu quasiment imm\u00e9diatement qu\u2019il serait bien pr\u00e9sent. Apr\u00e8s le match, il est venu me saluer dans le vestiaire et, avec un humour l\u00e9gendaire, m\u2019a offert un objet absolument unique. \u00bb Une certaine pipe en bois pour rappeler leur pass\u00e9 houleux et souder leur nouvelle amiti\u00e9.<\/p>\n<p class=\" wall-content\">Personnalisez votre actualit\u00e9 en ajoutant vos villes et m\u00e9dias en favori avec <a href=\"https:\/\/moncompte.actu.fr\" title=\"D\u00e9couvez Mon Actu\" rel=\"nofollow noopener\" data-trk=\"{&quot;cta&quot;:{&quot;action&quot;:&quot;https:\\\/\\\/moncompte.actu.fr&quot;,&quot;category&quot;:&quot;mon compte&quot;,&quot;from&quot;:&quot;article footer&quot;,&quot;name&quot;:&quot;Mon actu&quot;,&quot;type&quot;:&quot;cta&quot;}}\" target=\"_blank\">Mon Actu<\/a>.<\/p>\n","protected":false},"excerpt":{"rendered":"Par Lucas Bertolotto Publi\u00e9 le 4 janv. 2026 \u00e0 19h20 Ce 4 janvier 2026 est un anniversaire particulier&hellip;\n","protected":false},"author":2,"featured_media":640992,"comment_status":"","ping_status":"","sticky":false,"template":"","format":"standard","meta":{"footnotes":""},"categories":[9619],"tags":[1111,11,61874,1777,674,1011,27,12,3788,882,6717,25,479,60,478,2310],"class_list":{"0":"post-640991","1":"post","2":"type-post","3":"status-publish","4":"format-standard","5":"has-post-thumbnail","7":"category-toulon","8":"tag-actu","9":"tag-actualites","10":"tag-bernard-laporte","11":"tag-eu","12":"tag-europe","13":"tag-fr","14":"tag-france","15":"tag-news","16":"tag-pro","17":"tag-provence-alpes-cote-dazur","18":"tag-rct-rugby-club-toulonnais","19":"tag-republique-francaise","20":"tag-rugby","21":"tag-sports","22":"tag-top-14","23":"tag-toulon"},"share_on_mastodon":{"url":"https:\/\/pubeurope.com\/@fr\/115838535849803110","error":""},"_links":{"self":[{"href":"https:\/\/www.europesays.com\/fr\/wp-json\/wp\/v2\/posts\/640991","targetHints":{"allow":["GET"]}}],"collection":[{"href":"https:\/\/www.europesays.com\/fr\/wp-json\/wp\/v2\/posts"}],"about":[{"href":"https:\/\/www.europesays.com\/fr\/wp-json\/wp\/v2\/types\/post"}],"author":[{"embeddable":true,"href":"https:\/\/www.europesays.com\/fr\/wp-json\/wp\/v2\/users\/2"}],"replies":[{"embeddable":true,"href":"https:\/\/www.europesays.com\/fr\/wp-json\/wp\/v2\/comments?post=640991"}],"version-history":[{"count":0,"href":"https:\/\/www.europesays.com\/fr\/wp-json\/wp\/v2\/posts\/640991\/revisions"}],"wp:featuredmedia":[{"embeddable":true,"href":"https:\/\/www.europesays.com\/fr\/wp-json\/wp\/v2\/media\/640992"}],"wp:attachment":[{"href":"https:\/\/www.europesays.com\/fr\/wp-json\/wp\/v2\/media?parent=640991"}],"wp:term":[{"taxonomy":"category","embeddable":true,"href":"https:\/\/www.europesays.com\/fr\/wp-json\/wp\/v2\/categories?post=640991"},{"taxonomy":"post_tag","embeddable":true,"href":"https:\/\/www.europesays.com\/fr\/wp-json\/wp\/v2\/tags?post=640991"}],"curies":[{"name":"wp","href":"https:\/\/api.w.org\/{rel}","templated":true}]}}