{"id":640993,"date":"2026-01-04T19:42:09","date_gmt":"2026-01-04T19:42:09","guid":{"rendered":"https:\/\/www.europesays.com\/fr\/640993\/"},"modified":"2026-01-04T19:42:09","modified_gmt":"2026-01-04T19:42:09","slug":"temperatures-negatives-a-montpellier-un-gymnase-ouvert-pour-accueillir-les-personnes-sans-abri","status":"publish","type":"post","link":"https:\/\/www.europesays.com\/fr\/640993\/","title":{"rendered":"Temp\u00e9ratures n\u00e9gatives\u00a0: \u00e0 Montpellier un gymnase ouvert pour accueillir les personnes sans-abri"},"content":{"rendered":"<p>\n                                                                Un gymnase de soixante-dix places devait ouvrir ses portes, ce dimanche soir, afin d\u2019accueillir les personnes sans-abri dont la vuln\u00e9rabilit\u00e9 est accentu\u00e9e par les temp\u00e9ratures n\u00e9gatives enregistr\u00e9es la nuit.\n                            <\/p>\n<p>On a appris, ce dimanche soir, que les services de la pr\u00e9fecture, en lien avec les services municipaux de la Ville de Montpellier, avaient d\u00e9cid\u00e9 d\u2019ouvrir un gymnase afin d\u2019accueillir les personnes sans-abri mises en difficult\u00e9 en raison des temp\u00e9ratures n\u00e9gatives enregistr\u00e9es la nuit.<\/p>\n<p>Citoyens et associations mobilis\u00e9s<\/p>\n<p>Cet h\u00e9bergement d\u2019urgence aura lieu\u00a0au gymnase Gambardella, en bordure du boulevard Clemenceau et compte environ soixante-dix places. L\u2019ambition des \u00e9quipes mobilis\u00e9es \u00e9tait de l\u2019ouvrir dans les heures qui viennent.<\/p>\n<p>Cette d\u00e9cision est intervenue alors qu\u2019une trentaine de personnes, anonymes et membres d\u2019association d\u2019aide aux sans-abri \u00e9taient rassembl\u00e9es devant la pr\u00e9fecture afin de demander l\u2019activation imm\u00e9diate du plan grand froid, ce qui n\u2019\u00e9tait pas le cas dans le d\u00e9partement jusqu\u2019\u00e0 pr\u00e9sent.<\/p>\n<p>Un mort en d\u00e9but de semaine<\/p>\n<p>Au cours des derniers jours, les associations intervenant aupr\u00e8s des personnes \u00e0 la rue avaient \u00e9galement\u00a0formul\u00e9 la m\u00eame demande. En d\u00e9but de semaine, mardi, un sans-abri \u00e2g\u00e9 de 28 ans, avait \u00e9t\u00e9 retrouv\u00e9 inanim\u00e9 dans le secteur de Tournezy. En \u00e9tat d\u2019hypothermie, il \u00e9tait d\u00e9c\u00e9d\u00e9 \u00e0 l\u2019h\u00f4pital.<\/p>\n","protected":false},"excerpt":{"rendered":"Un gymnase de soixante-dix places devait ouvrir ses portes, ce dimanche soir, afin d\u2019accueillir les personnes sans-abri dont&hellip;\n","protected":false},"author":2,"featured_media":640994,"comment_status":"","ping_status":"","sticky":false,"template":"","format":"standard","meta":{"footnotes":""},"categories":[9599],"tags":[1111,11,1777,674,1011,27,7089,2208,12,2680,25,801,1857],"class_list":{"0":"post-640993","1":"post","2":"type-post","3":"status-publish","4":"format-standard","5":"has-post-thumbnail","7":"category-montpellier","8":"tag-actu","9":"tag-actualites","10":"tag-eu","11":"tag-europe","12":"tag-fr","13":"tag-france","14":"tag-herault","15":"tag-montpellier","16":"tag-news","17":"tag-occitanie","18":"tag-republique-francaise","19":"tag-social","20":"tag-sociu00e9tu00e9"},"share_on_mastodon":{"url":"https:\/\/pubeurope.com\/@fr\/115838539813062926","error":""},"_links":{"self":[{"href":"https:\/\/www.europesays.com\/fr\/wp-json\/wp\/v2\/posts\/640993","targetHints":{"allow":["GET"]}}],"collection":[{"href":"https:\/\/www.europesays.com\/fr\/wp-json\/wp\/v2\/posts"}],"about":[{"href":"https:\/\/www.europesays.com\/fr\/wp-json\/wp\/v2\/types\/post"}],"author":[{"embeddable":true,"href":"https:\/\/www.europesays.com\/fr\/wp-json\/wp\/v2\/users\/2"}],"replies":[{"embeddable":true,"href":"https:\/\/www.europesays.com\/fr\/wp-json\/wp\/v2\/comments?post=640993"}],"version-history":[{"count":0,"href":"https:\/\/www.europesays.com\/fr\/wp-json\/wp\/v2\/posts\/640993\/revisions"}],"wp:featuredmedia":[{"embeddable":true,"href":"https:\/\/www.europesays.com\/fr\/wp-json\/wp\/v2\/media\/640994"}],"wp:attachment":[{"href":"https:\/\/www.europesays.com\/fr\/wp-json\/wp\/v2\/media?parent=640993"}],"wp:term":[{"taxonomy":"category","embeddable":true,"href":"https:\/\/www.europesays.com\/fr\/wp-json\/wp\/v2\/categories?post=640993"},{"taxonomy":"post_tag","embeddable":true,"href":"https:\/\/www.europesays.com\/fr\/wp-json\/wp\/v2\/tags?post=640993"}],"curies":[{"name":"wp","href":"https:\/\/api.w.org\/{rel}","templated":true}]}}