{"id":641013,"date":"2026-01-04T19:52:10","date_gmt":"2026-01-04T19:52:10","guid":{"rendered":"https:\/\/www.europesays.com\/fr\/641013\/"},"modified":"2026-01-04T19:52:10","modified_gmt":"2026-01-04T19:52:10","slug":"en-pleine-campagne-pour-les-municipales-2026-un-candidat-depose-une-plainte-au-penal-contre-le-maire-de-cagnes-sur-mer","status":"publish","type":"post","link":"https:\/\/www.europesays.com\/fr\/641013\/","title":{"rendered":"En pleine campagne pour les municipales 2026, un candidat d\u00e9pose une plainte au p\u00e9nal contre le maire de Cagnes-sur-Mer"},"content":{"rendered":"<p class=\"fs-5 \">Une plainte p\u00e9nale a \u00e9t\u00e9 d\u00e9pos\u00e9e aupr\u00e8s du procureur de la R\u00e9publique de Grasse contre Louis N\u00e8gre, maire (Les R\u00e9publicains) de Cagnes-sur-Mer, pour prise ill\u00e9gale d\u2019int\u00e9r\u00eats, par Philippe Touzeau-Menoni, \u00e9lu d&rsquo;opposition (Union pour Cagnes).<\/p>\n<p class=\"fs-5 \">Tous deux sont candidats aux \u00e9lections municipales des 15 et 22 mars.<\/p>\n<p class=\"fs-5 \">Au c\u0153ur de l&rsquo;affaire se trouve <a href=\"https:\/\/www.nicematin.com\/societe\/politique\/legion-d-honneur-et-argent-public-polemique-sur-les-frais-de-deplacement-de-trois-elus-de-cagnes-sur-mer-983890\" target=\"_blank\" rel=\"noopener\">une c\u00e9r\u00e9monie qui s\u2019est d\u00e9roul\u00e9e le 17 d\u00e9cembre 2024 \u00e0 Paris<\/a>.<\/p>\n<p class=\"fs-5 \">Ce jour-l\u00e0, le maire de Cagnes-sur-Mer recevait les insignes de la L\u00e9gion d\u2019honneur au sein du minist\u00e8re des Transports.<\/p>\n<p class=\"fs-5 \">Philippe Touzeau-Menoni affirme que \u00ab Louis N\u00e8gre aurait utilis\u00e9 son pouvoir de gestion pour faire supporter par la collectivit\u00e9 des d\u00e9penses relevant exclusivement de sa sph\u00e8re priv\u00e9e, en dehors de tout int\u00e9r\u00eat communal \u00bb.<\/p>\n<p class=\"fs-5 \">Selon l\u2019\u00e9lu d\u2019opposition, \u00ab le fait de financer des d\u00e9penses personnelles par les imp\u00f4ts des Cagnois constitue une infraction p\u00e9nale \u00bb.<\/p>\n<p>                                                                                \u00ab Ceux-ci \u00e9taient pr\u00e9sents au titre de leurs d\u00e9l\u00e9gations respectives li\u00e9es aux transports \u00bb<\/p>\n<p class=\"fs-5 \">Face \u00e0 ces accusations, l\u2019\u00e9dile cagnois n\u2019a pas tard\u00e9 \u00e0 r\u00e9agir : \u00ab La justice a \u00e9t\u00e9 saisie, j\u2019ai confiance en elle et je m\u2019en remets pleinement \u00e0 elle. \u00bb<\/p>\n<p class=\"fs-5 \">Pour justifier la pr\u00e9sence de plusieurs \u00e9lus lors de ce d\u00e9placement, Louis N\u00e8gre souligne que \u00ab ceux-ci \u00e9taient pr\u00e9sents au titre de leurs d\u00e9l\u00e9gations respectives li\u00e9es aux transports \u00bb.<\/p>\n<p class=\"fs-5 \">Sont ainsi cit\u00e9s \u00ab Romain Allemant (charg\u00e9 de la circulation \u00e0 la Ville), Amandine Pihou\u00e9e (conseill\u00e8re \u00e0 la gestion des transports \u00e0 la M\u00e9tropole) et No\u00eblle Palazzetti (\u00e9lue r\u00e9gionale Paca d\u00e9l\u00e9gu\u00e9e \u00e0 la relation avec les usagers des transports) \u00bb.<\/p>\n","protected":false},"excerpt":{"rendered":"Une plainte p\u00e9nale a \u00e9t\u00e9 d\u00e9pos\u00e9e aupr\u00e8s du procureur de la R\u00e9publique de Grasse contre Louis N\u00e8gre, maire&hellip;\n","protected":false},"author":2,"featured_media":641014,"comment_status":"","ping_status":"","sticky":false,"template":"","format":"standard","meta":{"footnotes":""},"categories":[2819],"tags":[1111,11,1777,674,1011,27,12,2401,882,25],"class_list":{"0":"post-641013","1":"post","2":"type-post","3":"status-publish","4":"format-standard","5":"has-post-thumbnail","7":"category-nice","8":"tag-actu","9":"tag-actualites","10":"tag-eu","11":"tag-europe","12":"tag-fr","13":"tag-france","14":"tag-news","15":"tag-nice","16":"tag-provence-alpes-cote-dazur","17":"tag-republique-francaise"},"share_on_mastodon":{"url":"https:\/\/pubeurope.com\/@fr\/115838579064780274","error":""},"_links":{"self":[{"href":"https:\/\/www.europesays.com\/fr\/wp-json\/wp\/v2\/posts\/641013","targetHints":{"allow":["GET"]}}],"collection":[{"href":"https:\/\/www.europesays.com\/fr\/wp-json\/wp\/v2\/posts"}],"about":[{"href":"https:\/\/www.europesays.com\/fr\/wp-json\/wp\/v2\/types\/post"}],"author":[{"embeddable":true,"href":"https:\/\/www.europesays.com\/fr\/wp-json\/wp\/v2\/users\/2"}],"replies":[{"embeddable":true,"href":"https:\/\/www.europesays.com\/fr\/wp-json\/wp\/v2\/comments?post=641013"}],"version-history":[{"count":0,"href":"https:\/\/www.europesays.com\/fr\/wp-json\/wp\/v2\/posts\/641013\/revisions"}],"wp:featuredmedia":[{"embeddable":true,"href":"https:\/\/www.europesays.com\/fr\/wp-json\/wp\/v2\/media\/641014"}],"wp:attachment":[{"href":"https:\/\/www.europesays.com\/fr\/wp-json\/wp\/v2\/media?parent=641013"}],"wp:term":[{"taxonomy":"category","embeddable":true,"href":"https:\/\/www.europesays.com\/fr\/wp-json\/wp\/v2\/categories?post=641013"},{"taxonomy":"post_tag","embeddable":true,"href":"https:\/\/www.europesays.com\/fr\/wp-json\/wp\/v2\/tags?post=641013"}],"curies":[{"name":"wp","href":"https:\/\/api.w.org\/{rel}","templated":true}]}}