{"id":641015,"date":"2026-01-04T19:53:16","date_gmt":"2026-01-04T19:53:16","guid":{"rendered":"https:\/\/www.europesays.com\/fr\/641015\/"},"modified":"2026-01-04T19:53:16","modified_gmt":"2026-01-04T19:53:16","slug":"ancien-photographe-de-nice-matin-le-passionne-patrick-clemente-est-decede","status":"publish","type":"post","link":"https:\/\/www.europesays.com\/fr\/641015\/","title":{"rendered":"Ancien photographe de Nice-Matin, le \u00abpassionn\u00e9\u00bb Patrick Clemente est d\u00e9c\u00e9d\u00e9"},"content":{"rendered":"<p class=\"fs-5 \">C\u2019\u00e9tait un \u00ab passionn\u00e9 de la vie, un \u00e9picurien \u00bb, dit de lui son coll\u00e8gue \u00e0 Var-matin, Franz Chavaroche, qu\u2019il retrouvera comme chef du service photo du groupe Nice-Matin apr\u00e8s la fusion des deux titres. Patrick Clement\u00e9 est d\u00e9c\u00e9d\u00e9, soudainement, le 1er janvier.<\/p>\n<p class=\"fs-5 \">Pigiste depuis les ann\u00e9es quatre-vingt, puis photographe qui a couvert l\u2019actualit\u00e9 des territoires de Saint-Rapha\u00ebl, Fr\u00e9jus, Saint-Tropez, mais aussi Menton, Monaco, Cannes et Antibes jusqu\u2019en 2015, quand il quittera le journal.<\/p>\n<p class=\"fs-5 \">Lui, le Cannois, n\u00e9 \u00e0 Alger en 1959, dans une famille d\u2019\u00e9migr\u00e9s espagnols va s\u2019installer sur la C\u00f4te d\u2019Azur apr\u00e8s l\u2019ind\u00e9pendance de l\u2019Alg\u00e9rie.<\/p>\n<p class=\"fs-5 \">\u00ab Un personnage magnifique. Une grande gueule qui fonctionnait \u00e0 l\u2019instinct \u00bb, croque Franz Chavaroche. \u00ab Un personnage \u00bb, c\u2019est aussi ce que retient Robert Yvon, journaliste \u00e0 l\u2019agence locale d\u2019Antibes, qui a partag\u00e9 de nombreux sujets et reportages avec Patrick Clement\u00e9.<\/p>\n<p class=\"fs-5 \">\u00ab Il \u00e9tait dans l\u2019exigence, avec un sacr\u00e9 caract\u00e8re et le c\u0153ur sur la main \u00bb. L\u2019ancien r\u00e9dacteur fait ressurgir ce souvenir d\u2019un Patrick Clement\u00e9 qui, perch\u00e9 sur un arbre de la Croisette, r\u00e9ussit \u00e0 d\u00e9crocher des photos de Clint Eastwood alors que la l\u00e9gende hollywoodienne est quasi inapprochable \u00e0 l\u2019occasion d\u2019un de ses passages au Festival de Cannes.<\/p>\n<p class=\"fs-5 \">Pour ses coll\u00e8gues chasseurs de clich\u00e9s de Nice-Matin, Patrick Clemente c\u2019\u00e9tait \u00e9galement \u00ab un gars tr\u00e8s gentil qui adorait faire les Guignols de l\u2019info lors du Festival de Cannes \u00bb, selon Patrice Lapoirie, ou \u00ab un photographe bon de partout qui se d\u00e9brouillait toujours \u00e0 trouver de bons angles, \u00e0 ramener de bonnes images \u00bb, s\u2019incline Serge Haouzi.<\/p>\n<p>                                                                                \u00ab Le roi de la daube et de la paella \u00bb<\/p>\n<p class=\"fs-5 \">\u00ab Il s\u2019est lanc\u00e9 d\u2019un coup. Il prenait toutes les photos lors des \u00e9v\u00e9nements familiaux. C\u2019\u00e9tait une vraie passion \u00bb, rembobine un de ses deux fils, Christophe, \u00e9mu quand il \u00e9gr\u00e8ne les ann\u00e9es intenses lors desquelles lui et son fr\u00e8re, Fr\u00e9d\u00e9ric, ont d\u00fb abandonner leur papa aux besoins du m\u00e9tier.<\/p>\n<p class=\"fs-5 \">Quand elle conte leur rencontre, Sylvie, sa compagne des treize derni\u00e8res ann\u00e9es, glisse, elle, avoir \u00e9t\u00e9 s\u00e9duite par \u00ab tout, mais surtout sa bonne humeur \u00bb.<\/p>\n<p class=\"fs-5 \">\u00ab Il a toujours aim\u00e9 la photo \u00bb, d\u00e9crit-elle. Ce que Patrick Clement\u00e9 aimait aussi, par-dessus tout, c\u2019\u00e9tait la cuisine : \u00ab le roi de la daube \u00bb, couronne Lionel Paoli, ancien chef adjoint de l\u2019agence Nice-Matin d\u2019Antibes.<\/p>\n<p class=\"fs-5 \">\u00ab Et de la paella \u00bb, ajoute Sylvie. \u00ab Il vivait sa passion de la photo comme celle de la bonne bouffe, et il te la faisait vivre \u00bb, se d\u00e9lecte Franz Chavaroche.<\/p>\n<p class=\"fs-5 \">Ses obs\u00e8ques seront organis\u00e9es le lundi 12 janvier \u00e0 9 heures au cr\u00e9matorium de Cannes.<\/p>\n","protected":false},"excerpt":{"rendered":"C\u2019\u00e9tait un \u00ab passionn\u00e9 de la vie, un \u00e9picurien \u00bb, dit de lui son coll\u00e8gue \u00e0 Var-matin, Franz&hellip;\n","protected":false},"author":2,"featured_media":641016,"comment_status":"","ping_status":"","sticky":false,"template":"","format":"standard","meta":{"footnotes":""},"categories":[2819],"tags":[1111,11,1777,674,1011,27,12,2401,882,25],"class_list":{"0":"post-641015","1":"post","2":"type-post","3":"status-publish","4":"format-standard","5":"has-post-thumbnail","7":"category-nice","8":"tag-actu","9":"tag-actualites","10":"tag-eu","11":"tag-europe","12":"tag-fr","13":"tag-france","14":"tag-news","15":"tag-nice","16":"tag-provence-alpes-cote-dazur","17":"tag-republique-francaise"},"share_on_mastodon":{"url":"https:\/\/pubeurope.com\/@fr\/115838582938691068","error":""},"_links":{"self":[{"href":"https:\/\/www.europesays.com\/fr\/wp-json\/wp\/v2\/posts\/641015","targetHints":{"allow":["GET"]}}],"collection":[{"href":"https:\/\/www.europesays.com\/fr\/wp-json\/wp\/v2\/posts"}],"about":[{"href":"https:\/\/www.europesays.com\/fr\/wp-json\/wp\/v2\/types\/post"}],"author":[{"embeddable":true,"href":"https:\/\/www.europesays.com\/fr\/wp-json\/wp\/v2\/users\/2"}],"replies":[{"embeddable":true,"href":"https:\/\/www.europesays.com\/fr\/wp-json\/wp\/v2\/comments?post=641015"}],"version-history":[{"count":0,"href":"https:\/\/www.europesays.com\/fr\/wp-json\/wp\/v2\/posts\/641015\/revisions"}],"wp:featuredmedia":[{"embeddable":true,"href":"https:\/\/www.europesays.com\/fr\/wp-json\/wp\/v2\/media\/641016"}],"wp:attachment":[{"href":"https:\/\/www.europesays.com\/fr\/wp-json\/wp\/v2\/media?parent=641015"}],"wp:term":[{"taxonomy":"category","embeddable":true,"href":"https:\/\/www.europesays.com\/fr\/wp-json\/wp\/v2\/categories?post=641015"},{"taxonomy":"post_tag","embeddable":true,"href":"https:\/\/www.europesays.com\/fr\/wp-json\/wp\/v2\/tags?post=641015"}],"curies":[{"name":"wp","href":"https:\/\/api.w.org\/{rel}","templated":true}]}}