{"id":641017,"date":"2026-01-04T19:56:17","date_gmt":"2026-01-04T19:56:17","guid":{"rendered":"https:\/\/www.europesays.com\/fr\/641017\/"},"modified":"2026-01-04T19:56:17","modified_gmt":"2026-01-04T19:56:17","slug":"une-gifle-deux-rouges-et-trois-points-perdus-pour-commencer-lannee","status":"publish","type":"post","link":"https:\/\/www.europesays.com\/fr\/641017\/","title":{"rendered":"une gifle, deux rouges et trois points perdus pour commencer l&rsquo;ann\u00e9e"},"content":{"rendered":"<p>L&rsquo;Olympique de Marseille a tr\u00e8s mal commenc\u00e9 l&rsquo;ann\u00e9e 2026 <a href=\"https:\/\/www.laprovence.com\/article\/om\/92380842494079\/direct-laprovence-om-nantes-les-olympiens-debutent-lannee-contre-les-canaris-suivez-lavant-match\" target=\"_blank\" rel=\"noopener\">en s&rsquo;inclinant contre le FC Nantes (0-2)<\/a>, ce dimanche apr\u00e8s-midi, au stade V\u00e9lodrome. Les 64 780 supporters pr\u00e9sents pour encourager les prot\u00e9g\u00e9s de Roberto De Zerbi ne s&rsquo;attendaient s\u00fbrement pas \u00e0 une pareille d\u00e9convenue contre le 17e de Ligue 1, qui n&rsquo;avait plus gagn\u00e9 en championnat depuis la fin du mois d&rsquo;octobre. L&rsquo;OM, qui n&rsquo;avait conc\u00e9d\u00e9 que deux d\u00e9faites en\u00a02025 dans son jardin, d\u00e9marre donc <a href=\"https:\/\/www.laprovence.com\/article\/om\/24890690107657\/om-huit-matches-14-000-kilometres-et-quatre-competitions-le-marathon-de-janvier-demarre-ce-dimanche\" target=\"_blank\" rel=\"noopener\">son cycle de huit rencontres en 27 jours<\/a> par un revers aussi cinglant que path\u00e9tique devant son public. \u00c0 ce rythme, <a href=\"https:\/\/www.laprovence.com\/article\/om\/73549416464822\/om-les-supporters-boycottent-le-deplacement-au-koweit-pour-le-trophee-des-champions-contre-le-psg\" target=\"_blank\" rel=\"noopener\">le Troph\u00e9e des champions contre le PSG<\/a> promet d&rsquo;\u00eatre savoureux&#8230;<\/p>\n<p>Ce n&rsquo;est effectivement pas la meilleure fa\u00e7on d&rsquo;entamer ce marathon. Mais c&rsquo;est le juste retour des choses pour des joueurs qui ont pris cette rencontre par-dessus la jambe et <a href=\"https:\/\/www.laprovence.com\/article\/om\/21511482535201\/om-nantes-0-2-on-navait-pas-la-bave-aux-levres-regrette-de-zerbi\" target=\"_blank\" rel=\"noopener\">un entra\u00eeneur<\/a> qui s&rsquo;est (encore) plant\u00e9 dans sa composition de d\u00e9part avant de bafouiller ses changements. Des changements, le Lombard a pourtant eu \u00e0 en faire pour dig\u00e9rer les deux cartons rouges inflig\u00e9s \u00e0 ses ouailles, qui ont termin\u00e9 la partie \u00e0 9 contre 11. Le premier, d\u00e9gain\u00e9 par Marc Bollengier \u00e0 <a href=\"https:\/\/www.laprovence.com\/article\/om\/2379740297395515\/om-nantes-0-2-le-geste-insense-de-vermeeren-lenorme-rate-daubameyang-decouvrez-les-notes-des-olympiens\" target=\"_blank\" rel=\"noopener\">Arthur Vermeeren, ne souffrait aucune contestation vu le tacle assassin du Bel<\/a>&#8230;<\/p>\n","protected":false},"excerpt":{"rendered":"L&rsquo;Olympique de Marseille a tr\u00e8s mal commenc\u00e9 l&rsquo;ann\u00e9e 2026 en s&rsquo;inclinant contre le FC Nantes (0-2), ce dimanche&hellip;\n","protected":false},"author":2,"featured_media":641018,"comment_status":"","ping_status":"","sticky":false,"template":"","format":"standard","meta":{"footnotes":""},"categories":[2818],"tags":[74764,5734,1111,11,4070,1777,674,1011,27,74765,766,12,149,74354,2636,25,40976,1100,96],"class_list":{"0":"post-641017","1":"post","2":"type-post","3":"status-publish","4":"format-standard","5":"has-post-thumbnail","7":"category-nantes","8":"tag-0-2","9":"tag-5734","10":"tag-actu","11":"tag-actualites","12":"tag-deux","13":"tag-eu","14":"tag-europe","15":"tag-fr","16":"tag-france","17":"tag-gifle","18":"tag-nantes","19":"tag-news","20":"tag-om","21":"tag-om-nantes","22":"tag-pays-de-la-loire","23":"tag-republique-francaise","24":"tag-rouges","25":"tag-trois","26":"tag-une"},"share_on_mastodon":{"url":"https:\/\/pubeurope.com\/@fr\/115838594727013768","error":""},"_links":{"self":[{"href":"https:\/\/www.europesays.com\/fr\/wp-json\/wp\/v2\/posts\/641017","targetHints":{"allow":["GET"]}}],"collection":[{"href":"https:\/\/www.europesays.com\/fr\/wp-json\/wp\/v2\/posts"}],"about":[{"href":"https:\/\/www.europesays.com\/fr\/wp-json\/wp\/v2\/types\/post"}],"author":[{"embeddable":true,"href":"https:\/\/www.europesays.com\/fr\/wp-json\/wp\/v2\/users\/2"}],"replies":[{"embeddable":true,"href":"https:\/\/www.europesays.com\/fr\/wp-json\/wp\/v2\/comments?post=641017"}],"version-history":[{"count":0,"href":"https:\/\/www.europesays.com\/fr\/wp-json\/wp\/v2\/posts\/641017\/revisions"}],"wp:featuredmedia":[{"embeddable":true,"href":"https:\/\/www.europesays.com\/fr\/wp-json\/wp\/v2\/media\/641018"}],"wp:attachment":[{"href":"https:\/\/www.europesays.com\/fr\/wp-json\/wp\/v2\/media?parent=641017"}],"wp:term":[{"taxonomy":"category","embeddable":true,"href":"https:\/\/www.europesays.com\/fr\/wp-json\/wp\/v2\/categories?post=641017"},{"taxonomy":"post_tag","embeddable":true,"href":"https:\/\/www.europesays.com\/fr\/wp-json\/wp\/v2\/tags?post=641017"}],"curies":[{"name":"wp","href":"https:\/\/api.w.org\/{rel}","templated":true}]}}