{"id":641023,"date":"2026-01-04T20:00:15","date_gmt":"2026-01-04T20:00:15","guid":{"rendered":"https:\/\/www.europesays.com\/fr\/641023\/"},"modified":"2026-01-04T20:00:15","modified_gmt":"2026-01-04T20:00:15","slug":"un-pompier-blesse-dans-un-incendie-qui-a-detruit-deux-maisons-au-sud-de-toulouse","status":"publish","type":"post","link":"https:\/\/www.europesays.com\/fr\/641023\/","title":{"rendered":"Un pompier bless\u00e9 dans un incendie qui a d\u00e9truit deux maisons au sud de Toulouse"},"content":{"rendered":"<p>                    Par<br \/>\n        <strong><br \/>\n            <a href=\"https:\/\/actu.fr\/auteur\/marie-lamarque\" title=\"Consulter tous les articles de Marie Lamarque\" target=\"_blank\" rel=\"noopener\">Marie Lamarque<\/a><br \/>\n                    <\/strong><\/p>\n<p>        Publi\u00e9 le<\/p>\n<p>            4 janv. 2026 \u00e0 18h37        <\/p>\n<p><strong>Un incendie a touch\u00e9 deux maisons mitoyennes<\/strong> sur la commune de <strong>Roquefort-sur-Garonne<\/strong>, situ\u00e9e \u00e0 1h au sud de <a href=\"https:\/\/actu.fr\/toulouse\/\" target=\"_blank\" rel=\"noopener\">Toulouse<\/a>. Les secours ont \u00e9t\u00e9 appel\u00e9s sur les lieux aux alentours de 11h30. <strong>Un pompier a \u00e9t\u00e9 l\u00e9g\u00e8rement bless\u00e9<\/strong> lors de cette intervention.<\/p>\n<p>Les deux maisons d\u00e9truites par le feu<\/p>\n<p class=\" wall-content\">A l\u2019arriv\u00e9e des soldats du feu, <strong>l\u2019incendie avait d\u00e9j\u00e0 perc\u00e9 la toiture des deux maisons<\/strong>. \u00ab\u00a0Deux lances \u00e0 eau\u00a0\u00bb ont \u00e9t\u00e9 d\u00e9ploy\u00e9es \u00ab\u00a0pour assurer l\u2019extinction du sinistre\u00a0\u00bb, indique le Service d\u00e9partemental d\u2019incendie et de secours de la Haute-Garonne (SDIS 31).<\/p>\n<p class=\" wall-content\"><strong>Les maisons ont n\u00e9anmoins \u00e9t\u00e9 lourdement endommag\u00e9es<\/strong>. Leurs trois occupants sont parvenus \u00e0 quitter les lieux, indemnes. Ils seront relog\u00e9s par leurs proches.<\/p>\n<p>Un pompier \u00e9vacu\u00e9 \u00e0 l\u2019h\u00f4pital<\/p>\n<p class=\" wall-content\"><strong>Un pompier a \u00e9t\u00e9 l\u00e9g\u00e8rement bless\u00e9<\/strong> lors de cette intervention. Il a \u00e9t\u00e9 \u00e9vacu\u00e9 vers l\u2019h\u00f4pital du secteur.<\/p>\n<p class=\" wall-content\">En tout, <strong>21 soldats du feu ont \u00e9t\u00e9 mobilis\u00e9s<\/strong>.<\/p>\n<p>Vid\u00e9os : en ce moment sur Actu<br \/>\n    <a href=\"https:\/\/www.google.com\/maps\/embed?pb=!1m18!1m12!1m3!1d23282.764614112846!2d0.9632509598433305!3d43.160269752288386!2m3!1f0!2f0!3f0!3m2!1i1024!2i768!4f13.1!3m3!1m2!1s0x12a8d8b29b8853b7%3A0x406f69c2f411650!2s31360%20Roquefort-sur-Garonne!5e0!3m2!1sfr!2sfr!4v1767548134503!5m2!1sfr!2sfr\" title=\"Ouvrie le lien\" target=\"_blank\" rel=\"noopener\">Cliquez ici pour visualiser le contenu<\/a><\/p>\n<p class=\" wall-content\">Personnalisez votre actualit\u00e9 en ajoutant vos villes et m\u00e9dias en favori avec <a href=\"https:\/\/moncompte.actu.fr\" title=\"D\u00e9couvez Mon Actu\" rel=\"nofollow noopener\" data-trk=\"{&quot;cta&quot;:{&quot;action&quot;:&quot;https:\\\/\\\/moncompte.actu.fr&quot;,&quot;category&quot;:&quot;mon compte&quot;,&quot;from&quot;:&quot;article footer&quot;,&quot;name&quot;:&quot;Mon actu&quot;,&quot;type&quot;:&quot;cta&quot;}}\" target=\"_blank\">Mon Actu<\/a>.<\/p>\n","protected":false},"excerpt":{"rendered":"Par Marie Lamarque Publi\u00e9 le 4 janv. 2026 \u00e0 18h37 Un incendie a touch\u00e9 deux maisons mitoyennes sur&hellip;\n","protected":false},"author":2,"featured_media":641024,"comment_status":"","ping_status":"","sticky":false,"template":"","format":"standard","meta":{"footnotes":""},"categories":[2816],"tags":[1111,11,1777,674,118,1011,27,1310,12,2680,1311,25,2312],"class_list":{"0":"post-641023","1":"post","2":"type-post","3":"status-publish","4":"format-standard","5":"has-post-thumbnail","7":"category-toulouse","8":"tag-actu","9":"tag-actualites","10":"tag-eu","11":"tag-europe","12":"tag-faits-divers","13":"tag-fr","14":"tag-france","15":"tag-incendie","16":"tag-news","17":"tag-occitanie","18":"tag-pompiers","19":"tag-republique-francaise","20":"tag-toulouse"},"share_on_mastodon":{"url":"https:\/\/pubeurope.com\/@fr\/115838610480329565","error":""},"_links":{"self":[{"href":"https:\/\/www.europesays.com\/fr\/wp-json\/wp\/v2\/posts\/641023","targetHints":{"allow":["GET"]}}],"collection":[{"href":"https:\/\/www.europesays.com\/fr\/wp-json\/wp\/v2\/posts"}],"about":[{"href":"https:\/\/www.europesays.com\/fr\/wp-json\/wp\/v2\/types\/post"}],"author":[{"embeddable":true,"href":"https:\/\/www.europesays.com\/fr\/wp-json\/wp\/v2\/users\/2"}],"replies":[{"embeddable":true,"href":"https:\/\/www.europesays.com\/fr\/wp-json\/wp\/v2\/comments?post=641023"}],"version-history":[{"count":0,"href":"https:\/\/www.europesays.com\/fr\/wp-json\/wp\/v2\/posts\/641023\/revisions"}],"wp:featuredmedia":[{"embeddable":true,"href":"https:\/\/www.europesays.com\/fr\/wp-json\/wp\/v2\/media\/641024"}],"wp:attachment":[{"href":"https:\/\/www.europesays.com\/fr\/wp-json\/wp\/v2\/media?parent=641023"}],"wp:term":[{"taxonomy":"category","embeddable":true,"href":"https:\/\/www.europesays.com\/fr\/wp-json\/wp\/v2\/categories?post=641023"},{"taxonomy":"post_tag","embeddable":true,"href":"https:\/\/www.europesays.com\/fr\/wp-json\/wp\/v2\/tags?post=641023"}],"curies":[{"name":"wp","href":"https:\/\/api.w.org\/{rel}","templated":true}]}}