{"id":641025,"date":"2026-01-04T20:02:35","date_gmt":"2026-01-04T20:02:35","guid":{"rendered":"https:\/\/www.europesays.com\/fr\/641025\/"},"modified":"2026-01-04T20:02:35","modified_gmt":"2026-01-04T20:02:35","slug":"jai-joue-a-lens-cest-important-de-marquer-a-lille-les-reactions-bretonnes-apres-losc-stade-rennais","status":"publish","type":"post","link":"https:\/\/www.europesays.com\/fr\/641025\/","title":{"rendered":"\u00ab\u00a0J&rsquo;ai jou\u00e9 \u00e0 Lens, c&rsquo;est important de marquer \u00e0 Lille\u00a0\u00bb : Les r\u00e9actions bretonnes apr\u00e8s LOSC &#8211; Stade Rennais"},"content":{"rendered":"<p>Publi\u00e9 le 4 janvier 2026 \u00e0 08:14<\/p>\n<p><strong>Le Stade Rennais, pr\u00e9tendant \u00e0 l\u2019Europe, a r\u00e9alis\u00e9 l\u2019une<br \/>\ndes belles op\u00e9rations de la 17e journ\u00e9e de Ligue 1 en s\u2019offrant le<br \/>\nscalp du LOSC (0-2). Przemyslaw Frankowski et Quentin Merlin<br \/>\navaient \u00e9videmment le sourire au coup de sifflet<br \/>\nfinal.<\/strong><\/p>\n<p>Outre certaines d\u00e9cisions et la tension autour du corps<br \/>\narbitral, la victoire empoch\u00e9e par le Stade Rennais (0-2) \u00e0 Lille a<br \/>\n\u00e9t\u00e9 synonyme de revanche pour d\u2019anciens joueurs du RC Lens. Brice<br \/>\nSamba a stopp\u00e9 toutes les tentatives lilloises, tandis que<br \/>\nPrzemyslaw Frankowski inscrivait le tout premier but de la<br \/>\nrencontre (49\u2032). Ce dernier, international polonais, savourait au<br \/>\ncoup de sifflet final.<\/p>\n<p><strong>\u00ab\u00a0Marquer ici, c\u2019\u00e9tait un bon<br \/>\nsentiment<\/strong>, souriait-il \u00e0 chaud d\u00e8s le coup de sifflet<br \/>\nfinal. Vous savez, j\u2019ai jou\u00e9 \u00e0 Lens et c\u2019est important de<br \/>\nmarquer ici, contre Lille. Mais maintenant, je suis \u00e0 Rennes et<br \/>\nnous avons gagn\u00e9 un match tr\u00e8s, tr\u00e8s important. <strong>Je suis<br \/>\ntr\u00e8s heureux. Nous avons fait ce que nous voulions faire.<\/strong><br \/>\nNous allons continuer de travailler. Nous sommes une bonne \u00e9quipe,<br \/>\non a beaucoup de qualit\u00e9s. On doit continuer sur la m\u00eame<br \/>\ndynamique\u00a0\u00bb, a-t-il comment\u00e9 sur les antennes de<br \/>\nLigue 1+.<\/p>\n<p>Le calme victorieux<\/p>\n<p>Quelques minutes apr\u00e8s son entra\u00eeneur Habib Beye, qui <a href=\"https:\/\/lepetitlillois.com\/2026\/01\/04\/losc-stade-rennais-habib-beye-ne-veut-plus-voir-olivier-letang-critique-sur-le-bord-dun-terrain-en-ligue-1\/\" target=\"_blank\" rel=\"noopener\"><br \/>\npointait du doigt le comportement d\u2019Olivier L\u00e9tang pendant la<br \/>\nrencontre<\/a>, Quentin Merlin, auteur du deuxi\u00e8me but rennais<br \/>\n(57\u2032), d\u00e9barquait en zone mixte avec le sentiment du travail bien<br \/>\nfait.<\/p>\n<blockquote>\n<p>\u00ab\u00a0Il fallait simplement rester calme\u00a0\u00bb<\/p>\n<\/blockquote>\n<p>\u00ab\u00a0J\u2019ai essay\u00e9 d\u2019aider le maximum. Avec Mahdi (Camara)<br \/>\net Val\u2019 (Rongier), on a bien g\u00ean\u00e9 (Hakon) Haraldsson, (Nabil)<br \/>\nBentaleb et (Benjamin) Andr\u00e9 avant l\u2019expulsion (Alexsandro 14\u2032).<br \/>\nMais avec le ballon ,je trouve que j\u2019ai eu un peu de d\u00e9chet. Le but<br \/>\nfinalise ma performance et je trouve que, dans l\u2019ensemble, j\u2019ai<br \/>\nfait un bon match\u00a0\u00bb, d\u00e9butait ainsi Quentin Merlin.<\/p>\n<p>Le Rennais revenait ensuite bri\u00e8vement sur la tension au bord du<br \/>\nterrain. \u00ab\u00a0On est rest\u00e9 assez calme, parce qu\u2019on avait<br \/>\nqu\u2019une id\u00e9e en t\u00eate : ramener les trois points d\u2019ici,<br \/>\nexpliquait-il. Avec un joueur de moins chez eux, on savait<br \/>\nqu\u2019on allait avoir le ballon, les opportunit\u00e9s. Il fallait<br \/>\nsimplement rester calme, ne pas perdre des ballons et aller<br \/>\nchercher tranquillement le premier, puis le second but. On est<br \/>\nvraiment rest\u00e9 calme. C\u2019est ce que l\u2019on a fait, c\u2019est tr\u00e8s<br \/>\npositif.\u00a0\u00bb<\/p>\n","protected":false},"excerpt":{"rendered":"Publi\u00e9 le 4 janvier 2026 \u00e0 08:14 Le Stade Rennais, pr\u00e9tendant \u00e0 l\u2019Europe, a r\u00e9alis\u00e9 l\u2019une des belles&hellip;\n","protected":false},"author":2,"featured_media":641026,"comment_status":"","ping_status":"","sticky":false,"template":"","format":"standard","meta":{"footnotes":""},"categories":[2815],"tags":[1111,11,1777,674,1011,27,811,1307,12,25],"class_list":{"0":"post-641025","1":"post","2":"type-post","3":"status-publish","4":"format-standard","5":"has-post-thumbnail","7":"category-lille","8":"tag-actu","9":"tag-actualites","10":"tag-eu","11":"tag-europe","12":"tag-fr","13":"tag-france","14":"tag-hauts-de-france","15":"tag-lille","16":"tag-news","17":"tag-republique-francaise"},"share_on_mastodon":{"url":"https:\/\/pubeurope.com\/@fr\/115838618328009866","error":""},"_links":{"self":[{"href":"https:\/\/www.europesays.com\/fr\/wp-json\/wp\/v2\/posts\/641025","targetHints":{"allow":["GET"]}}],"collection":[{"href":"https:\/\/www.europesays.com\/fr\/wp-json\/wp\/v2\/posts"}],"about":[{"href":"https:\/\/www.europesays.com\/fr\/wp-json\/wp\/v2\/types\/post"}],"author":[{"embeddable":true,"href":"https:\/\/www.europesays.com\/fr\/wp-json\/wp\/v2\/users\/2"}],"replies":[{"embeddable":true,"href":"https:\/\/www.europesays.com\/fr\/wp-json\/wp\/v2\/comments?post=641025"}],"version-history":[{"count":0,"href":"https:\/\/www.europesays.com\/fr\/wp-json\/wp\/v2\/posts\/641025\/revisions"}],"wp:featuredmedia":[{"embeddable":true,"href":"https:\/\/www.europesays.com\/fr\/wp-json\/wp\/v2\/media\/641026"}],"wp:attachment":[{"href":"https:\/\/www.europesays.com\/fr\/wp-json\/wp\/v2\/media?parent=641025"}],"wp:term":[{"taxonomy":"category","embeddable":true,"href":"https:\/\/www.europesays.com\/fr\/wp-json\/wp\/v2\/categories?post=641025"},{"taxonomy":"post_tag","embeddable":true,"href":"https:\/\/www.europesays.com\/fr\/wp-json\/wp\/v2\/tags?post=641025"}],"curies":[{"name":"wp","href":"https:\/\/api.w.org\/{rel}","templated":true}]}}