{"id":641029,"date":"2026-01-04T20:05:11","date_gmt":"2026-01-04T20:05:11","guid":{"rendered":"https:\/\/www.europesays.com\/fr\/641029\/"},"modified":"2026-01-04T20:05:11","modified_gmt":"2026-01-04T20:05:11","slug":"au-coeur-dune-maraude-avec-les-benevoles-de-la-croix-rouge","status":"publish","type":"post","link":"https:\/\/www.europesays.com\/fr\/641029\/","title":{"rendered":"au c\u0153ur d\u2019une maraude avec les b\u00e9n\u00e9voles de la Croix-Rouge"},"content":{"rendered":"<p>Il est 19\u00a0h\u00a030 au si\u00e8ge de la d\u00e9l\u00e9gation d\u00e9partementale du Rh\u00f4ne de la Croix-Rouge, \u00e0 Vaulx-en-Velin. Claude, Aurore, Florence, Philippe, Cathy et St\u00e9phane d\u00e9briefent avant de partir en maraude. Dehors, le thermom\u00e8tre affiche d\u00e9j\u00e0 -1\u00a0\u00b0C, aggrav\u00e9 par un vent glacial. \u00ab\u00a0On part toujours \u00e0 quatre\u00a0\u00bb, pr\u00e9cise Claude, b\u00e9n\u00e9vole comptant plus de 600 maraudes \u00e0 son actif. Ce soir, elle m\u00e8ne l\u2018\u00e9quipe. Florence effectue sa premi\u00e8re maraude d\u2019essai, accompagn\u00e9e de b\u00e9n\u00e9voles aguerris.<\/p>\n<p>\u00c0 l\u2019arri\u00e8re du camion, l\u2019inventaire est m\u00e9thodique\u00a0: six duvets, onze couvertures, kits alimentaires d\u2019urgence, couches pour enfants, serviettes hygi\u00e9niques, boissons et soupes chaudes, croquettes pour animaux, g\u00e2teaux et kits d\u2019hygi\u00e8ne. Bonnets, chaussettes molletonn\u00e9es, gants et polaires\u00a0: l\u2018\u00e9quipe est pr\u00eate \u00e0 sillonner les routes en cette soir\u00e9e de r\u00e9veillon.<\/p>\n<p>Un dispositif hivernal renforc\u00e9<\/p>\n<p>Le plan grand froid, d\u00e9clench\u00e9 par la pr\u00e9f\u00e8te du Rh\u00f4ne <a href=\"https:\/\/www.leprogres.fr\/p\/fabienne-buccio\" target=\"_blank\" rel=\"noopener\">Fabienne Buccio<\/a> le lundi 29\u00a0d\u00e9cembre \u00e0 minuit, mobilise l\u2019ensemble du&#8230;<\/p>\n","protected":false},"excerpt":{"rendered":"Il est 19\u00a0h\u00a030 au si\u00e8ge de la d\u00e9l\u00e9gation d\u00e9partementale du Rh\u00f4ne de la Croix-Rouge, \u00e0 Vaulx-en-Velin. Claude, Aurore,&hellip;\n","protected":false},"author":2,"featured_media":641030,"comment_status":"","ping_status":"","sticky":false,"template":"","format":"standard","meta":{"footnotes":""},"categories":[1889],"tags":[1111,11,2430,3152,2757,1777,674,107,1011,27,2428,2756,12,25,2429,801,104],"class_list":{"0":"post-641029","1":"post","2":"type-post","3":"status-publish","4":"format-standard","5":"has-post-thumbnail","7":"category-lyon","8":"tag-actu","9":"tag-actualites","10":"tag-auvergne-rhone-alpes","11":"tag-edition-est-lyonnais","12":"tag-edition-lyon-villeurbanne","13":"tag-eu","14":"tag-europe","15":"tag-fil-info","16":"tag-fr","17":"tag-france","18":"tag-lyon","19":"tag-lyon-bassin","20":"tag-news","21":"tag-republique-francaise","22":"tag-rhone","23":"tag-social","24":"tag-societe"},"share_on_mastodon":{"url":"https:\/\/pubeurope.com\/@fr\/115838630259774755","error":""},"_links":{"self":[{"href":"https:\/\/www.europesays.com\/fr\/wp-json\/wp\/v2\/posts\/641029","targetHints":{"allow":["GET"]}}],"collection":[{"href":"https:\/\/www.europesays.com\/fr\/wp-json\/wp\/v2\/posts"}],"about":[{"href":"https:\/\/www.europesays.com\/fr\/wp-json\/wp\/v2\/types\/post"}],"author":[{"embeddable":true,"href":"https:\/\/www.europesays.com\/fr\/wp-json\/wp\/v2\/users\/2"}],"replies":[{"embeddable":true,"href":"https:\/\/www.europesays.com\/fr\/wp-json\/wp\/v2\/comments?post=641029"}],"version-history":[{"count":0,"href":"https:\/\/www.europesays.com\/fr\/wp-json\/wp\/v2\/posts\/641029\/revisions"}],"wp:featuredmedia":[{"embeddable":true,"href":"https:\/\/www.europesays.com\/fr\/wp-json\/wp\/v2\/media\/641030"}],"wp:attachment":[{"href":"https:\/\/www.europesays.com\/fr\/wp-json\/wp\/v2\/media?parent=641029"}],"wp:term":[{"taxonomy":"category","embeddable":true,"href":"https:\/\/www.europesays.com\/fr\/wp-json\/wp\/v2\/categories?post=641029"},{"taxonomy":"post_tag","embeddable":true,"href":"https:\/\/www.europesays.com\/fr\/wp-json\/wp\/v2\/tags?post=641029"}],"curies":[{"name":"wp","href":"https:\/\/api.w.org\/{rel}","templated":true}]}}