{"id":641033,"date":"2026-01-04T20:08:10","date_gmt":"2026-01-04T20:08:10","guid":{"rendered":"https:\/\/www.europesays.com\/fr\/641033\/"},"modified":"2026-01-04T20:08:10","modified_gmt":"2026-01-04T20:08:10","slug":"meteo-des-chutes-de-neige-annoncees-a-paris-et-en-ile-de-france-voici-ou-et-quand","status":"publish","type":"post","link":"https:\/\/www.europesays.com\/fr\/641033\/","title":{"rendered":"M\u00e9t\u00e9o. Des chutes de neige annonc\u00e9es \u00e0 Paris et en \u00cele-de-France : voici o\u00f9 et quand"},"content":{"rendered":"<p>                    Par<br \/>\n        <strong><br \/>\n            <a href=\"https:\/\/actu.fr\/auteur\/redaction-paris\" title=\"Consulter tous les articles de R\u00e9daction Paris\" target=\"_blank\" rel=\"noopener\">R\u00e9daction Paris<\/a><br \/>\n                    <\/strong><\/p>\n<p>        Publi\u00e9 le<\/p>\n<p>            4 janv. 2026 \u00e0 16h29        <\/p>\n<p>Paris et l\u2019\u00cele-de-France n\u2019en ont pas fini avec <a href=\"https:\/\/actu.fr\/meteo\/meteo-paris-et-l-ile-de-france-n-en-ont-pas-fini-avec-le-froid-la-vigilance-neige-verglas-toujours-de-mise_63647577.html\" target=\"_blank\" rel=\"noopener\">le froid et la neige<\/a>. Apr\u00e8s les flocons tomb\u00e9s vendredi 2 et samedi 3 janvier, une nouvelle pr\u00e9cipitation est annonc\u00e9e dans l\u2019Hexagone par <a href=\"https:\/\/actu.fr\/tag\/meteo-france\" target=\"_blank\" rel=\"noopener\">M\u00e9t\u00e9o-France<\/a> lundi 5 janvier. Elle devrait concerner l\u2019\u00cele-de-France toujours plac\u00e9e en vigilance jaune neige-verglas.\u00a0<\/p>\n<p>Plusieurs centim\u00e8tres de neige par endroits<\/p>\n<p class=\" wall-content\">Des chutes de <a href=\"https:\/\/actu.fr\/tag\/neige\" target=\"_blank\" rel=\"noopener\">neige<\/a> sont attendues d\u00e8s la nuit prochaine sur la Bretagne et la Normandie. En matin\u00e9e, ces pr\u00e9cipitations gagneront les Hauts-de-France et l\u2019\u00cele-de-France, tout en perdant en intensit\u00e9.<\/p>\n<p class=\" wall-content\">L\u2019apr\u00e8s-midi, l\u2019\u00e9pisode neigeux s\u2019\u00e9tendra de l\u2019int\u00e9rieur de la Bretagne et des Pays de la Loire jusqu\u2019\u00e0 la r\u00e9gion parisienne, au nord du Centre-Val de Loire et \u00e0 la Champagne-Ardenne, avant d\u2019atteindre la Lorraine. Dans un contexte de froid marqu\u00e9, une couche de 1 \u00e0 3 centim\u00e8tres pourra localement blanchir les sols.<\/p>\n<p class=\" wall-content\">\u00ab\u00a0La couche de neige s\u2019annonce plus importante sur le nord de la Bretagne, ainsi que sur une partie du Calvados, de l\u2019Eure et de la Seine-Maritime avec 5 cm et plus\u00a0\u00bb, pr\u00e9cise M\u00e9t\u00e9o-France.\u00a0<\/p>\n<p class=\" wall-content\">La Cha\u00eene M\u00e9t\u00e9o a publi\u00e9 une carte \u00e9voquant jusqu\u2019\u00e0 7 centim\u00e8tres de neige en Seine-et-Marne. Toute l\u2019\u00cele-de-France sera en tout cas concern\u00e9e par cet \u00e9pisode neigeux.\u00a0<\/p>\n<p class=\" wall-content\">\n<p class=\" wall-content\">Si les temp\u00e9ratures sont rest\u00e9es autour de 0\u00b0C dans le centre de Paris, la nuit de samedi \u00e0 dimanche a \u00e9t\u00e9 particuli\u00e8rement froide dans certains d\u00e9partements franciliens avec notamment -8,9\u00b0C \u00e0 Auffargis (Yvelines) et -8,2\u00b0C \u00e0 Saclas (Essonne).\u00a0<\/p>\n<p class=\" wall-content\">Le site de la M\u00e9t\u00e9o agricole pr\u00e9voit ainsi -3\u00b0 cette nuit dans la capitale, -6\u00b0C \u00e0 Meaux (Seine-et-Marne) ou Milly-la-For\u00eat (Essonne) et -5\u00b0C quasiment partout en grande couronne.\u00a0<\/p>\n<p>Votre r\u00e9gion, votre actu !<\/p>\n<p>Recevez chaque jour les infos qui comptent pour vous.<\/p>\n<p>\t<a href=\"https:\/\/actu.fr\/newsletter\" class=\"ac-btn ac-btn--corner ac-btn--medium ac-btn--blue800\" target=\"_blank\" rel=\"noopener\">S&rsquo;incrire<\/a><\/p>\n<p class=\" wall-content\">Un froid qui persistera encore mardi avec des temp\u00e9ratures similaires. Apr\u00e8s l\u2019\u00e9pisode neigeux, M\u00e9t\u00e9o France annonce des brouillards givrants sur une partie de la r\u00e9gion dans la nuit de lundi \u00e0 mardi. Ceux-ci pourraient concerner l\u2019est de l\u2019\u00cele-de-France : Seine-Saint-Denis, Essonne et Seine-et-Marne.\u00a0<\/p>\n<p class=\" wall-content\">Personnalisez votre actualit\u00e9 en ajoutant vos villes et m\u00e9dias en favori avec <a href=\"https:\/\/moncompte.actu.fr\" title=\"D\u00e9couvez Mon Actu\" rel=\"nofollow noopener\" data-trk=\"{&quot;cta&quot;:{&quot;action&quot;:&quot;https:\\\/\\\/moncompte.actu.fr&quot;,&quot;category&quot;:&quot;mon compte&quot;,&quot;from&quot;:&quot;article footer&quot;,&quot;name&quot;:&quot;Mon actu&quot;,&quot;type&quot;:&quot;cta&quot;}}\" target=\"_blank\">Mon Actu<\/a>.<\/p>\n","protected":false},"excerpt":{"rendered":"Par R\u00e9daction Paris Publi\u00e9 le 4 janv. 2026 \u00e0 16h29 Paris et l\u2019\u00cele-de-France n\u2019en ont pas fini avec&hellip;\n","protected":false},"author":2,"featured_media":641034,"comment_status":"","ping_status":"","sticky":false,"template":"","format":"standard","meta":{"footnotes":""},"categories":[1592],"tags":[1111,11,1777,674,1011,27,3447,662,2487,2357,10584,12,626,25],"class_list":{"0":"post-641033","1":"post","2":"type-post","3":"status-publish","4":"format-standard","5":"has-post-thumbnail","7":"category-ile-de-france","8":"tag-actu","9":"tag-actualites","10":"tag-eu","11":"tag-europe","12":"tag-fr","13":"tag-france","14":"tag-froid","15":"tag-ile-de-france","16":"tag-meteo","17":"tag-meteo-france","18":"tag-neige","19":"tag-news","20":"tag-paris","21":"tag-republique-francaise"},"share_on_mastodon":{"url":"https:\/\/pubeurope.com\/@fr\/115838642019037084","error":""},"_links":{"self":[{"href":"https:\/\/www.europesays.com\/fr\/wp-json\/wp\/v2\/posts\/641033","targetHints":{"allow":["GET"]}}],"collection":[{"href":"https:\/\/www.europesays.com\/fr\/wp-json\/wp\/v2\/posts"}],"about":[{"href":"https:\/\/www.europesays.com\/fr\/wp-json\/wp\/v2\/types\/post"}],"author":[{"embeddable":true,"href":"https:\/\/www.europesays.com\/fr\/wp-json\/wp\/v2\/users\/2"}],"replies":[{"embeddable":true,"href":"https:\/\/www.europesays.com\/fr\/wp-json\/wp\/v2\/comments?post=641033"}],"version-history":[{"count":0,"href":"https:\/\/www.europesays.com\/fr\/wp-json\/wp\/v2\/posts\/641033\/revisions"}],"wp:featuredmedia":[{"embeddable":true,"href":"https:\/\/www.europesays.com\/fr\/wp-json\/wp\/v2\/media\/641034"}],"wp:attachment":[{"href":"https:\/\/www.europesays.com\/fr\/wp-json\/wp\/v2\/media?parent=641033"}],"wp:term":[{"taxonomy":"category","embeddable":true,"href":"https:\/\/www.europesays.com\/fr\/wp-json\/wp\/v2\/categories?post=641033"},{"taxonomy":"post_tag","embeddable":true,"href":"https:\/\/www.europesays.com\/fr\/wp-json\/wp\/v2\/tags?post=641033"}],"curies":[{"name":"wp","href":"https:\/\/api.w.org\/{rel}","templated":true}]}}