{"id":641043,"date":"2026-01-04T20:14:19","date_gmt":"2026-01-04T20:14:19","guid":{"rendered":"https:\/\/www.europesays.com\/fr\/641043\/"},"modified":"2026-01-04T20:14:19","modified_gmt":"2026-01-04T20:14:19","slug":"des-drones-se-dirigeant-vers-moscou-abattus-la-russie-pilonne-lukraine","status":"publish","type":"post","link":"https:\/\/www.europesays.com\/fr\/641043\/","title":{"rendered":"Des drones se dirigeant vers Moscou abattus, la Russie pilonne l\u2019Ukraine"},"content":{"rendered":"<p>Vous avez rat\u00e9 les derniers \u00e9v\u00e9nements sur la <a href=\"https:\/\/www.20minutes.fr\/monde\/ukraine\/\" class=\"c-link c-link--is-underlined\" target=\"_blank\" rel=\"noopener\">guerre en Ukraine<\/a>\u00a0? 20 Minutes fait le point pour vous tous les soirs. Voici l\u2019essentiel de ce dimanche 4\u00a0janvier, au 1.411e jour du conflit.<\/p>\n<p>Le fait du jour<\/p>\n<p>Le maire de <a href=\"https:\/\/www.20minutes.fr\/monde\/moscou\/\" class=\"c-link c-link--is-underlined\" target=\"_blank\" rel=\"noopener\">Moscou<\/a> Sergue\u00ef Sobianine a annonc\u00e9 l\u2019interception d\u2019appareils ukrainiens se dirigeant vers la capitale russe au cours de la nuit et de la journ\u00e9e de ce dimanche. Au moins 25, selon un d\u00e9compte en milieu d\u2019apr\u00e8s-midi, sans faire \u00e9tat de victimes.<\/p>\n<p>Le trafic a\u00e9rien a en revanche \u00e9t\u00e9 perturb\u00e9 dans trois des quatre a\u00e9roports moscovites\u00a0: Vnoukovo, Domodedovo et Zhukovsky, avec des restrictions temporaires sur les arriv\u00e9es et d\u00e9parts. Des dizaines de vols ont \u00e9t\u00e9 retard\u00e9es et certains annul\u00e9s, pouvait-on voir sur les sites de ces a\u00e9roports. \u00ab\u00a0Les restrictions sont n\u00e9cessaires pour garantir la s\u00e9curit\u00e9 des vols\u00a0\u00bb, a affirm\u00e9 sur Telegram Artem Korenyako, repr\u00e9sentant de l\u2019agence nationale de l\u2019aviation Rossaviatsia.<\/p>\n<p><\/p>\n<p>D\u00e9but d\u00e9cembre, la Russie avait d\u00e9clar\u00e9 avoir repouss\u00e9 une attaque massive de plus de 300 drones ukrainiens, dont une quarantaine se dirigeant vers Moscou et causant d\u2019importants retards et annulations de vols dans les quatre a\u00e9roports de la capitale.<\/p>\n<p>Le chiffre du jour<\/p>\n<p>2.076. C\u2019est le nombre de projectiles lanc\u00e9s par la Russie sur l\u2019Ukraine cette semaine, d\u2019apr\u00e8s les chiffres annonc\u00e9s par <a href=\"https:\/\/www.20minutes.fr\/monde\/volodymyr-zelensky\/\" class=\"c-link c-link--is-underlined\" target=\"_blank\" rel=\"noopener\">Volodymyr Zelensky<\/a> sur X. Le pr\u00e9sident ukrainien a ainsi affirm\u00e9 que \u00ab\u00a0plus de 1.070 bombes a\u00e9riennes guid\u00e9es, presque 1.000 drones d\u2019attaque et 6 missiles\u00a0\u00bb ont \u00e9t\u00e9 tir\u00e9s depuis lundi.<\/p>\n<blockquote class=\"twitter-tweet\" align=\"center\" data-lang=\"fr_FR\">\n<p lang=\"en\" dir=\"ltr\">It is critically important for Ukraine that partner support continues \u2013 steady defense assistance and reinforcement of our air defense. Almost every day, lives in Ukraine are under threat because of Russian attacks and strikes using various types of weapons against our people.\u2026 <a href=\"https:\/\/t.co\/0Z4N1DoCm4\">pic.twitter.com\/0Z4N1DoCm4<\/a><\/p>\n<p>\u2014 Volodymyr Zelenskyy \/ \u0412\u043e\u043b\u043e\u0434\u0438\u043c\u0438\u0440 \u0417\u0435\u043b\u0435\u043d\u0441\u044c\u043a\u0438\u0439 (@ZelenskyyUa) <a href=\"https:\/\/twitter.com\/ZelenskyyUa\/status\/2007738983283859778?ref_src=twsrc%5Etfw\" target=\"_blank\" rel=\"noopener\">January 4, 2026<\/a><\/p><\/blockquote>\n<p class=\"mb-m@xs text-l@xs\">En cliquant sur\u00ab J\u2019accepte \u00bb, vous acceptez le d\u00e9p\u00f4t de cookies par des services externes et aurez ainsi acc\u00e8s aux contenus de nos partenaires.<\/p>\n<p class=\"mb-xl@xs text-s@xs\">Plus d\u2019informations sur la page<a href=\"https:\/\/www.20minutes.fr\/gestion-cookies\" class=\"mx-xxs@xs color-ultramarine\" target=\"_blank\" rel=\"noopener\">Politique de gestion des cookies<\/a><\/p>\n<p>J\u2019accepte<\/p>\n<p>Dans son post, dans lequel il rappelle que le soutien de ses partenaires est \u00ab\u00a0crucial\u00a0\u00bb, le chef de l\u2019Etat appelle ces derniers \u00e0 \u00ab\u00a0acc\u00e9l\u00e9rer le plus possible choses sur lesquelles nous nous sommes accord\u00e9s\u00a0\u00bb. \u00ab\u00a0Chaque missile pour la d\u00e9fense a\u00e9rienne qui est actuellement stock\u00e9 par des partenaires peut r\u00e9ellement sauver des vies\u00a0\u00bb, appuie Volodymyr Zelensky, qui se dit persuad\u00e9 que \u00ab\u00a0la stabilit\u00e9 et la pr\u00e9diction de l\u2019assistance \u00e0 l\u2019Ukraine peuvent vraiment pousser Moscou vers la diplomatie\u00a0\u00bb.<\/p>\n<p>La d\u00e9claration du jour<\/p>\n<blockquote class=\"mx-m@xs mx-xxl@md color-ultramarine c-citation\">\n<p class=\"font-weight-regular@xs text-italic font-source-serif-pro text-l@xs c-citation__content\">\u00ab\u00a0Ne pas r\u00e9agir \u00e0 ce qui se passe au Venezuela, c&rsquo;est s&rsquo;affaiblir dans la n\u00e9gociation sur l&rsquo;Ukraine.\u00a0\u00bb<\/p>\n<\/blockquote>\n<p><a href=\"https:\/\/www.20minutes.fr\/monde\/ukraine\/\" class=\"c-link c-btn c-btn--primary\" target=\"_blank\" rel=\"noopener\">Notre dossier sur la guerre en Ukraine<\/a><\/p>\n<p>L\u2019ancien Premier ministre <a href=\"https:\/\/www.20minutes.fr\/politique\/4160051-20250624-presidentielle-2027-ligne-mire-elysee-dominique-villepin-lance-propre-parti\" class=\"c-link c-link--is-underlined\" target=\"_blank\" rel=\"noopener\">Dominique de Villepin<\/a> a accus\u00e9 dimanche Emmanuel Macron de se \u00ab\u00a0soumettre\u00a0\u00bb aux Etats-Unis de <a href=\"https:\/\/www.20minutes.fr\/dossier\/donald_trump\" class=\"c-link c-link--is-underlined\" target=\"_blank\" rel=\"noopener\">Donald Trump<\/a> avec sa r\u00e9action \u00ab\u00a0irresponsable\u00a0\u00bb apr\u00e8s la <a href=\"https:\/\/www.20minutes.fr\/monde\/etats-unis\/4194194-20260104-attaque-americaine-venezuela-bonsoir-bonne-annee-capture-etats-unis-maduro-incarcere-new-york\" class=\"c-link c-link--is-underlined\" target=\"_blank\" rel=\"noopener\">capture du pr\u00e9sident v\u00e9n\u00e9zu\u00e9lien Nicolas Maduro<\/a> par les forces am\u00e9ricaines.<\/p>\n<p>Le pr\u00e9sident fran\u00e7ais \u00ab\u00a0a pr\u00e9f\u00e9r\u00e9 ne pas surr\u00e9agir, puisqu\u2019il a craint \u00e0 un moment donn\u00e9 d\u2019irriter Donald Trump, par rapport \u00e0 la d\u00e9cision am\u00e9ricaine d\u2019intervenir \u00e0 Caracas parce qu\u2019il a le sentiment de devoir mener un combat qui, pour lui, est plus important, qui est le combat de l\u2019Ukraine. Et donc il a choisi en quelque sorte sa cible. Ce qu\u2019il ne comprend pas, ce qui lui \u00e9chappe, c\u2019est que l\u2019ensemble de ses sujets sont aujourd\u2019hui li\u00e9s. Ne pas r\u00e9agir \u00e0 ce qui se passe au Venezuela, c\u2019est s\u2019affaiblir dans la n\u00e9gociation sur l\u2019Ukraine\u00a0\u00bb, a d\u00e9velopp\u00e9 celui qui s\u2019\u00e9tait fait remarquer en\u00a02003 quand il \u00e9tait chef de la diplomatie de Jacques Chirac par son discours \u00e0 l\u2019ONU contre la guerre en Irak engag\u00e9e par les Etats-Unis de George W. Bush.<\/p>\n<p>La tendance<\/p>\n<p>Le navire en provenance de <a href=\"https:\/\/www.20minutes.fr\/monde\/russie\/\" class=\"c-link c-link--is-underlined\" target=\"_blank\" rel=\"noopener\">Russie<\/a> soup\u00e7onn\u00e9 d\u2019avoir endommag\u00e9, dans le golfe de Finlande, u<a href=\"https:\/\/www.20minutes.fr\/monde\/finlande\/4194102-20260102-finlande-apres-degats-cable-sous-marin-police-interroge-equipage-navire-venu-russie\" class=\"c-link c-link--is-underlined\" target=\"_blank\" rel=\"noopener\">n c\u00e2ble de t\u00e9l\u00e9communications sous-marin<\/a> reliant Helsinki \u00e0 Tallinn, a tra\u00een\u00e9 son ancre sur des dizaines de kilom\u00e8tres avant qu\u2019elle ne touche le c\u00e2ble, a indiqu\u00e9 dimanche la police finlandaise. Les enqu\u00eateurs retracent les man\u0153uvres du navire pour d\u00e9terminer s\u2019il a intentionnellement endommag\u00e9 ce c\u00e2ble sous-marin.<\/p>\n<p>Depuis l\u2019invasion \u00e0 grande \u00e9chelle de l\u2019Ukraine par la Russie en f\u00e9vrier\u00a02022, de nombreux experts et responsables politiques consid\u00e8rent le sabotage pr\u00e9sum\u00e9 de c\u00e2bles comme un \u00e9l\u00e9ment de la \u00ab\u00a0guerre hybride\u00a0\u00bb men\u00e9e par la Russie contre les pays occidentaux.<\/p>\n<p><script async src=\"https:\/\/platform.twitter.com\/widgets.js\" charset=\"utf-8\"><\/script><\/p>\n","protected":false},"excerpt":{"rendered":"Vous avez rat\u00e9 les derniers \u00e9v\u00e9nements sur la guerre en Ukraine\u00a0? 20 Minutes fait le point pour vous&hellip;\n","protected":false},"author":2,"featured_media":641044,"comment_status":"","ping_status":"","sticky":false,"template":"","format":"standard","meta":{"footnotes":""},"categories":[1590],"tags":[47,11,23385,75,564,1073,1777,674,219,131,74,12,132,220,134],"class_list":{"0":"post-641043","1":"post","2":"type-post","3":"status-publish","4":"format-standard","5":"has-post-thumbnail","7":"category-ukraine","8":"tag-actualite","9":"tag-actualites","10":"tag-dominique-de-villepin","11":"tag-donald-trump","12":"tag-drone","13":"tag-emmanuel-macron","14":"tag-eu","15":"tag-europe","16":"tag-finlande","17":"tag-guerre-en-ukraine","18":"tag-monde","19":"tag-news","20":"tag-russie","21":"tag-ukraine","22":"tag-volodymyr-zelensky"},"share_on_mastodon":{"url":"https:\/\/pubeurope.com\/@fr\/115838665611411335","error":""},"_links":{"self":[{"href":"https:\/\/www.europesays.com\/fr\/wp-json\/wp\/v2\/posts\/641043","targetHints":{"allow":["GET"]}}],"collection":[{"href":"https:\/\/www.europesays.com\/fr\/wp-json\/wp\/v2\/posts"}],"about":[{"href":"https:\/\/www.europesays.com\/fr\/wp-json\/wp\/v2\/types\/post"}],"author":[{"embeddable":true,"href":"https:\/\/www.europesays.com\/fr\/wp-json\/wp\/v2\/users\/2"}],"replies":[{"embeddable":true,"href":"https:\/\/www.europesays.com\/fr\/wp-json\/wp\/v2\/comments?post=641043"}],"version-history":[{"count":0,"href":"https:\/\/www.europesays.com\/fr\/wp-json\/wp\/v2\/posts\/641043\/revisions"}],"wp:featuredmedia":[{"embeddable":true,"href":"https:\/\/www.europesays.com\/fr\/wp-json\/wp\/v2\/media\/641044"}],"wp:attachment":[{"href":"https:\/\/www.europesays.com\/fr\/wp-json\/wp\/v2\/media?parent=641043"}],"wp:term":[{"taxonomy":"category","embeddable":true,"href":"https:\/\/www.europesays.com\/fr\/wp-json\/wp\/v2\/categories?post=641043"},{"taxonomy":"post_tag","embeddable":true,"href":"https:\/\/www.europesays.com\/fr\/wp-json\/wp\/v2\/tags?post=641043"}],"curies":[{"name":"wp","href":"https:\/\/api.w.org\/{rel}","templated":true}]}}