{"id":641045,"date":"2026-01-04T20:15:12","date_gmt":"2026-01-04T20:15:12","guid":{"rendered":"https:\/\/www.europesays.com\/fr\/641045\/"},"modified":"2026-01-04T20:15:12","modified_gmt":"2026-01-04T20:15:12","slug":"trump-lance-un-premier-avertissement-tres-clair-a-delcy-rodriguez-la-successeure-de-maduro","status":"publish","type":"post","link":"https:\/\/www.europesays.com\/fr\/641045\/","title":{"rendered":"Trump lance un premier avertissement tr\u00e8s clair \u00e0 Delcy Rodriguez, la successeure de Maduro"},"content":{"rendered":"<p>        <img decoding=\"async\" loading=\"lazy\" src=\"https:\/\/www.europesays.com\/fr\/wp-content\/uploads\/2026\/01\/6ac49a4_sirius-fs-upload-1-zjyhti16bxf7-1746744416889-063-2214075981.jpg\"  width=\"728\" height=\"410\" alt=\"Venezuela\u00a0: Trump lance un premier avertissement tr\u00e8s clair \u00e0 la successeure de Maduro\"\/>  <\/p>\n<p>ANNA MONEYMAKER \/ Getty Images via AFP<\/p>\n<p>Venezuela\u00a0: Trump lance un premier avertissement tr\u00e8s clair \u00e0 la successeure de Maduro<\/p>\n<p class=\"asset asset-text\">Donald Trump a d\u00e9clar\u00e9 ce dimanche 4\u00a0janvier que la pr\u00e9sidente par<a href=\"https:\/\/www.huffingtonpost.fr\/international\/article\/capture-de-maduro-au-venezuela-le-deroule-heure-par-heure-de-la-stupefiante-operation-americaine_258840.html\" target=\"_blank\" rel=\"noopener\"> int\u00e9rim du Venezuela<\/a>, Delcy Rodriguez, \u00ab\u00a0payera plus cher que Maduro\u00a0\u00bb si elle <a href=\"https:\/\/www.huffingtonpost.fr\/international\/article\/maduro-capture-on-vous-resume-ce-qui-a-mene-a-l-operation-militaire-de-trump-au-venezuela_258828.html\" target=\"_blank\" rel=\"noopener\">\u00ab\u00a0ne fait pas ce qu\u2019il faut\u00a0\u00bb<\/a>, dans une interview accord\u00e9e au magazine The Atlantic.<\/p>\n<p class=\"asset asset-text\">\u00ab\u00a0Reconstruire le pays n\u2019est pas une mauvaise chose\u00a0\u00bb, a continu\u00e9 le pr\u00e9sident am\u00e9ricain, joint par t\u00e9l\u00e9phone. <a href=\"https:\/\/www.huffingtonpost.fr\/politique\/article\/venezuela-la-reaction-de-macron-a-la-capture-de-maduro-saluee-par-trump-etrillee-en-france_258846.html\" target=\"_blank\" rel=\"noopener\">Le Venezuela <\/a>est \u00ab\u00a0en faillite. Ce pays est une catastrophe dans tous les domaines\u00a0\u00bb, a-t-il ajout\u00e9.<\/p>\n<p class=\"asset asset-text\">Concernant la gestion politique future du pays d\u2019Am\u00e9rique latine, le r\u00e9publicain a assur\u00e9 que \u00ab\u00a0la reconstruction et le changement de r\u00e9gime\u00a0\u00bb valaient \u00ab\u00a0mieux que ce qu\u2019il y a actuellement\u00a0\u00bb au Venezuela. \u00ab\u00a0\u00c7a ne peut pas \u00eatre pire\u00a0\u00bb, a-t-il dit.<\/p>\n<p>    \u00ab\u00a0Nous avons besoin du Groenland, absolument\u00a0\u00bb    <\/p>\n<p class=\"asset asset-text\">Plus t\u00f4t dimanche, le chef de la diplomatie\u00a0am\u00e9ricaine Marco Rubio a affirm\u00e9 que les \u00c9tats-Unis travailleront avec les responsables v\u00e9n\u00e9zu\u00e9liens en place \u00ab\u00a0s\u2019ils prennent de bonnes d\u00e9cisions\u00a0\u00bb, assurant que Washington gardait des moyens de pression sur le pays, notamment l\u2019embargo p\u00e9trolier.<\/p>\n<p class=\"asset asset-text\">Samedi, Donald Trump avait d\u00e9clar\u00e9 que Delcy Rodriguez \u00e9tait pr\u00eate \u00e0 coop\u00e9rer avec les \u00c9tats-Unis. Mais cette derni\u00e8re avait r\u00e9pliqu\u00e9 peu apr\u00e8s que le Venezuela \u00e9tait pr\u00eat \u00e0 se \u00ab\u00a0d\u00e9fendre\u00a0\u00bb.<\/p>\n<p class=\"asset asset-text\">Le r\u00e9publicain a \u00e9galement r\u00e9it\u00e9r\u00e9 sa volont\u00e9 d\u2019acqu\u00e9rir le Groenland, territoire autonome d\u00e9pendant du Danemark. \u00ab\u00a0Nous avons besoin du Groenland, absolument\u00a0\u00bb, a-t-il r\u00e9pondu \u00e0 la question de savoir si l\u2019op\u00e9ration am\u00e9ricaine \u00e0 Caracas pouvait \u00eatre un indicateur quant \u00e0 l\u2019avenir de l\u2019\u00eele.<\/p>\n","protected":false},"excerpt":{"rendered":"ANNA MONEYMAKER \/ Getty Images via AFP Venezuela\u00a0: Trump lance un premier avertissement tr\u00e8s clair \u00e0 la successeure&hellip;\n","protected":false},"author":2,"featured_media":641046,"comment_status":"","ping_status":"","sticky":false,"template":"","format":"standard","meta":{"footnotes":""},"categories":[1589],"tags":[11,75,73,1866,14,12,338,1864,1865,1863,308,337],"class_list":{"0":"post-641045","1":"post","2":"type-post","3":"status-publish","4":"format-standard","5":"has-post-thumbnail","7":"category-etats-unis","8":"tag-actualites","9":"tag-donald-trump","10":"tag-etats-unis","11":"tag-etats-unis-damerique","12":"tag-international","13":"tag-news","14":"tag-nicolas-maduro","15":"tag-united-states","16":"tag-united-states-of-america","17":"tag-us","18":"tag-usa","19":"tag-venezuela"},"share_on_mastodon":{"url":"https:\/\/pubeurope.com\/@fr\/115838670004376921","error":""},"_links":{"self":[{"href":"https:\/\/www.europesays.com\/fr\/wp-json\/wp\/v2\/posts\/641045","targetHints":{"allow":["GET"]}}],"collection":[{"href":"https:\/\/www.europesays.com\/fr\/wp-json\/wp\/v2\/posts"}],"about":[{"href":"https:\/\/www.europesays.com\/fr\/wp-json\/wp\/v2\/types\/post"}],"author":[{"embeddable":true,"href":"https:\/\/www.europesays.com\/fr\/wp-json\/wp\/v2\/users\/2"}],"replies":[{"embeddable":true,"href":"https:\/\/www.europesays.com\/fr\/wp-json\/wp\/v2\/comments?post=641045"}],"version-history":[{"count":0,"href":"https:\/\/www.europesays.com\/fr\/wp-json\/wp\/v2\/posts\/641045\/revisions"}],"wp:featuredmedia":[{"embeddable":true,"href":"https:\/\/www.europesays.com\/fr\/wp-json\/wp\/v2\/media\/641046"}],"wp:attachment":[{"href":"https:\/\/www.europesays.com\/fr\/wp-json\/wp\/v2\/media?parent=641045"}],"wp:term":[{"taxonomy":"category","embeddable":true,"href":"https:\/\/www.europesays.com\/fr\/wp-json\/wp\/v2\/categories?post=641045"},{"taxonomy":"post_tag","embeddable":true,"href":"https:\/\/www.europesays.com\/fr\/wp-json\/wp\/v2\/tags?post=641045"}],"curies":[{"name":"wp","href":"https:\/\/api.w.org\/{rel}","templated":true}]}}