{"id":641049,"date":"2026-01-04T20:17:15","date_gmt":"2026-01-04T20:17:15","guid":{"rendered":"https:\/\/www.europesays.com\/fr\/641049\/"},"modified":"2026-01-04T20:17:15","modified_gmt":"2026-01-04T20:17:15","slug":"rudiger-au-psg-la-folle-rumeur-venue-dallemagne","status":"publish","type":"post","link":"https:\/\/www.europesays.com\/fr\/641049\/","title":{"rendered":"R\u00fcdiger au PSG : la folle rumeur venue d&rsquo;Allemagne"},"content":{"rendered":"<p>Imaginez Antonio R\u00fcdiger, roc du Real Madrid, d\u00e9barquant au Parc des Princes. \u00c0 33 ans, ce transfert surprise fait trembler le mercato hivernal 2026. Libre en juin, le g\u00e9ant allemand serait la cible secr\u00e8te de Paris pour un coup de ma\u00eetre inattendu.<\/p>\n<p id=\"de-madrid--paris--un-virage-improbable\">Pilier du Real depuis 2022, Antonio R\u00fcdiger a tout gagn\u00e9 : deux Ligues des Champions, dont un but d\u00e9cisif en finale 2022 contre Liverpool. Form\u00e9 \u00e0 Stuttgart, pass\u00e9 par Chelsea (vainqueur UCL 2021), ce colosse de 1,90 m (central ou lat\u00e9ral droit) incarne la hargne allemande : 50% de duels a\u00e9riens gagn\u00e9s, leadership inoxydable. Son contrat expire en juin 2026, et les rumeurs d\u2019un pr\u00e9-contrat avec le PSG enflamment la presse. Pourquoi Paris, habitu\u00e9 aux jeunes cracks, miserait-il sur un v\u00e9t\u00e9ran ? Luis Enrique y voit un mentor pour Beraldo et consorts, un cadre pour viser l\u2019Europe.<\/p>\n<p>D\u00e9flagration au Bernab\u00e9u : le Real sonn\u00e9 ?<\/p>\n<p>Ce move serait une bombe : R\u00fcdiger, adul\u00e9 \u00e0 Madrid, quitterait les Merengues pour un rival europ\u00e9en indirect, malgr\u00e9 les Saoudiens et l\u2019ASM aux aguets. Le PSG, en qu\u00eate de stabilit\u00e9 d\u00e9fensive apr\u00e8s les errements de Marquinhos, offrirait un r\u00f4le taill\u00e9 sur mesure et un pont vers la CDM 2026. Salaire colossal (15 M\u20ac\/an) et projet ambitieux : Paris d\u00e9gaine pour un pr\u00eat payant hivernal (5-10 M\u20ac) avant le gratuit estival. Ancelotti, ex-PSG, grince des dents face \u00e0 cette trahison potentielle.<\/p>\n<p>Un hiver \u00e9lectrique en perspective<\/p>\n<p>Pour R\u00fcdiger, ce serait un last dance en Ligue 1 avant retraite ou MLS, boostant ses chances en Mannschaft \u00e9largie. Monaco et Al-Hilal rodent, mais Paris m\u00e8ne la danse. Si cela se concr\u00e9tise, le mercato 2026 entrera dans la l\u00e9gende des surprises. Le Real r\u00e9agira-t-il ? Affaire \u00e0 suivre de pr\u00e8s.<\/p>\n","protected":false},"excerpt":{"rendered":"Imaginez Antonio R\u00fcdiger, roc du Real Madrid, d\u00e9barquant au Parc des Princes. \u00c0 33 ans, ce transfert surprise&hellip;\n","protected":false},"author":2,"featured_media":641050,"comment_status":"","ping_status":"","sticky":false,"template":"","format":"standard","meta":{"footnotes":""},"categories":[1587],"tags":[11,672,1804,1805,1803,1777,674,1801,12,1802],"class_list":{"0":"post-641049","1":"post","2":"type-post","3":"status-publish","4":"format-standard","5":"has-post-thumbnail","7":"category-allemagne","8":"tag-actualites","9":"tag-allemagne","10":"tag-bundesrepublik-deutschland","11":"tag-de","12":"tag-deutschland","13":"tag-eu","14":"tag-europe","15":"tag-germany","16":"tag-news","17":"tag-republique-federale-dallemagne"},"share_on_mastodon":{"url":"https:\/\/pubeurope.com\/@fr\/115838677432026266","error":""},"_links":{"self":[{"href":"https:\/\/www.europesays.com\/fr\/wp-json\/wp\/v2\/posts\/641049","targetHints":{"allow":["GET"]}}],"collection":[{"href":"https:\/\/www.europesays.com\/fr\/wp-json\/wp\/v2\/posts"}],"about":[{"href":"https:\/\/www.europesays.com\/fr\/wp-json\/wp\/v2\/types\/post"}],"author":[{"embeddable":true,"href":"https:\/\/www.europesays.com\/fr\/wp-json\/wp\/v2\/users\/2"}],"replies":[{"embeddable":true,"href":"https:\/\/www.europesays.com\/fr\/wp-json\/wp\/v2\/comments?post=641049"}],"version-history":[{"count":0,"href":"https:\/\/www.europesays.com\/fr\/wp-json\/wp\/v2\/posts\/641049\/revisions"}],"wp:featuredmedia":[{"embeddable":true,"href":"https:\/\/www.europesays.com\/fr\/wp-json\/wp\/v2\/media\/641050"}],"wp:attachment":[{"href":"https:\/\/www.europesays.com\/fr\/wp-json\/wp\/v2\/media?parent=641049"}],"wp:term":[{"taxonomy":"category","embeddable":true,"href":"https:\/\/www.europesays.com\/fr\/wp-json\/wp\/v2\/categories?post=641049"},{"taxonomy":"post_tag","embeddable":true,"href":"https:\/\/www.europesays.com\/fr\/wp-json\/wp\/v2\/tags?post=641049"}],"curies":[{"name":"wp","href":"https:\/\/api.w.org\/{rel}","templated":true}]}}