{"id":64106,"date":"2025-04-30T10:12:09","date_gmt":"2025-04-30T10:12:09","guid":{"rendered":"https:\/\/www.europesays.com\/fr\/64106\/"},"modified":"2025-04-30T10:12:09","modified_gmt":"2025-04-30T10:12:09","slug":"a-la-valette-du-var-succes-pour-le-forum-de-la-parentalite-et-des-familles","status":"publish","type":"post","link":"https:\/\/www.europesays.com\/fr\/64106\/","title":{"rendered":"\u00c0 La Valette du Var, succ\u00e8s pour le Forum de la Parentalit\u00e9 et des Familles"},"content":{"rendered":"<p>                    <img loading=\"lazy\" decoding=\"async\" src=\"https:\/\/www.europesays.com\/fr\/wp-content\/uploads\/2025\/04\/774ef9f3314d47ad73133c63440895.jpg\" class=\"img-responsive post-image\" width=\"680\" height=\"510\" alt=\"\u00c0 La Valette du Var, (\u2026)\" title=\"\u00c0 La Valette du Var, succ\u00e8s pour le Forum de la Parentalit\u00e9 et des Familles \"\/><\/p>\n<p class=\"chapo\">La Ville a ouvert la Quinzaine des Familles avec l\u2019inauguration du Forum de la Parentalit\u00e9 et des Familles par Thierry Albertini, le maire et le Professeur Michel Delage, psychiatre sp\u00e9cialiste et parrain de l\u2019\u00e9v\u00e9nement.<\/p>\n<p>Dans le Var, ce rendez-vous incontournable, initi\u00e9 en 2018 sous l\u2019impulsion du Sch\u00e9ma D\u00e9partemental des Services aux Familles (SDSF), et port\u00e9 notamment par la Caf, vise \u00e0 renforcer les liens entre les familles et les acteurs locaux de la parentalit\u00e9. \u00c0 travers un programme riche et vari\u00e9, l\u2019\u00e9v\u00e9nement s\u2019inscrit \u00e9galement dans une d\u00e9marche de Responsabilit\u00e9 Soci\u00e9tale des Organisations (RSO), en mettant en lumi\u00e8re des initiatives \u00e9coresponsables et solidaires sur le territoire varois.<\/p>\n<p>ATELIERS, D\u00c9BATS ET CONF\u00c9RENCES<\/p>\n<p>Organis\u00e9e en lien avec les animateurs du r\u00e9seau parentalit\u00e9, la Quinzaine des Familles a pour vocation de rompre l\u2019isolement des familles en leur offrant un espace de rencontre avec les acteurs locaux de la parentalit\u00e9, faciliter l\u2019acc\u00e8s au R\u00e9seau d\u2019\u00e9coute, d\u2019appui et d\u2019accompagnement des parents (REAAP) pour mieux soutenir les parents dans leur quotidien, en leur faisant conna\u00eetre les services \u00ab\u00a0autour de chez eux\u00a0\u00bb, cr\u00e9er une dynamique locale en f\u00e9d\u00e9rant les associations et structures autour d\u2019un projet commun et valoriser les initiatives et savoir-faire des partenaires, en mettant en avant leur engagement aupr\u00e8s des familles.<\/p>\n<p>\u00c0 La Valette-du-Var, c\u2019est un rendez-vous incontournable pour les parents, futurs parents et toutes les personnes int\u00e9ress\u00e9es par le monde de la parentalit\u00e9. Il a attir\u00e9 un large public qui a profit\u00e9 d\u2019une journ\u00e9e riche en \u00e9changes et en d\u00e9couvertes.<\/p>\n<p>\u00ab\u00a0Les visiteurs ont pu participer \u00e0 une multitude d\u2019activit\u00e9s (ateliers pratiques, conf\u00e9rences sp\u00e9cialis\u00e9es, lectures de contes, tables rondes, th\u00e9\u00e2tre interactif, stands d\u2019information, etc.). Cette programmation, pens\u00e9e pour tous les \u00e2ges et toutes les familles, a r\u00e9pondu aux attentes des participants en abordant une grande diversit\u00e9 de sujets li\u00e9s \u00e0 l\u2019\u00e9ducation, aux relations familiales, \u00e0 la gestion du stress et au d\u00e9veloppement de l\u2019enfant\u00a0\u00bb, s\u2019est f\u00e9licit\u00e9 <strong>Thierry Albertini.<\/strong><\/p>\n<p>A l\u2019issue du rendez-vous, le premier magistrat a rappel\u00e9 l\u2019importance de cet \u00e9v\u00e9nement\u00a0: \u00ab\u00a0Parce que chaque \u00e9tape de la parentalit\u00e9 est une aventure, ce forum a propos\u00e9 un espace riche en \u00e9changes et en d\u00e9couvertes autour de l\u2019\u00e9ducation, des relations familiales, de la gestion du stress et bien plus encore\u00a0\u00bb.<\/p>\n<p>Un message, qui a r\u00e9sonn\u00e9 dans les c\u0153urs des nombreux parents qui cherchaient des r\u00e9ponses pratiques aux d\u00e9fis quotidiens li\u00e9s \u00e0 la parentalit\u00e9.<\/p>\n<p>Photo de Une \u00a9PRESSE AGENCE<\/p>\n","protected":false},"excerpt":{"rendered":"La Ville a ouvert la Quinzaine des Familles avec l\u2019inauguration du Forum de la Parentalit\u00e9 et des Familles&hellip;\n","protected":false},"author":2,"featured_media":64107,"comment_status":"","ping_status":"","sticky":false,"template":"","format":"standard","meta":{"footnotes":""},"categories":[9619],"tags":[1111,11,2408,1777,674,1011,27,12,882,25,2310],"class_list":{"0":"post-64106","1":"post","2":"type-post","3":"status-publish","4":"format-standard","5":"has-post-thumbnail","7":"category-toulon","8":"tag-actu","9":"tag-actualites","10":"tag-appels-d","11":"tag-eu","12":"tag-europe","13":"tag-fr","14":"tag-france","15":"tag-news","16":"tag-provence-alpes-cote-dazur","17":"tag-republique-francaise","18":"tag-toulon"},"share_on_mastodon":{"url":"https:\/\/pubeurope.com\/@fr\/114426383157945694","error":""},"_links":{"self":[{"href":"https:\/\/www.europesays.com\/fr\/wp-json\/wp\/v2\/posts\/64106","targetHints":{"allow":["GET"]}}],"collection":[{"href":"https:\/\/www.europesays.com\/fr\/wp-json\/wp\/v2\/posts"}],"about":[{"href":"https:\/\/www.europesays.com\/fr\/wp-json\/wp\/v2\/types\/post"}],"author":[{"embeddable":true,"href":"https:\/\/www.europesays.com\/fr\/wp-json\/wp\/v2\/users\/2"}],"replies":[{"embeddable":true,"href":"https:\/\/www.europesays.com\/fr\/wp-json\/wp\/v2\/comments?post=64106"}],"version-history":[{"count":0,"href":"https:\/\/www.europesays.com\/fr\/wp-json\/wp\/v2\/posts\/64106\/revisions"}],"wp:featuredmedia":[{"embeddable":true,"href":"https:\/\/www.europesays.com\/fr\/wp-json\/wp\/v2\/media\/64107"}],"wp:attachment":[{"href":"https:\/\/www.europesays.com\/fr\/wp-json\/wp\/v2\/media?parent=64106"}],"wp:term":[{"taxonomy":"category","embeddable":true,"href":"https:\/\/www.europesays.com\/fr\/wp-json\/wp\/v2\/categories?post=64106"},{"taxonomy":"post_tag","embeddable":true,"href":"https:\/\/www.europesays.com\/fr\/wp-json\/wp\/v2\/tags?post=64106"}],"curies":[{"name":"wp","href":"https:\/\/api.w.org\/{rel}","templated":true}]}}