{"id":641072,"date":"2026-01-04T20:32:09","date_gmt":"2026-01-04T20:32:09","guid":{"rendered":"https:\/\/www.europesays.com\/fr\/641072\/"},"modified":"2026-01-04T20:32:09","modified_gmt":"2026-01-04T20:32:09","slug":"mort-du-rappeur-calbo-membre-du-groupe-arsenik","status":"publish","type":"post","link":"https:\/\/www.europesays.com\/fr\/641072\/","title":{"rendered":"Mort du rappeur Calbo, membre du groupe \u00c4rsenik"},"content":{"rendered":"<p>Avec la mort de Calbo, c&rsquo;est une figure du rap fran\u00e7ais des ann\u00e9es 1990 qui s&rsquo;en va. Le rappeur, de son vrai nom Calbony M&rsquo;Bani est d\u00e9c\u00e9d\u00e9 \u00e0 l&rsquo;\u00e2ge de 52 ans ce dimanche 4\u00a0janvier, a annonc\u00e9 sa famille dans un communiqu\u00e9 publi\u00e9 sur les r\u00e9seaux <a href=\"https:\/\/www.laprovence.com\/article\/culture-loisirs\/2531080190514615\/direct-laprovence-direct-concert-diam-au-velodrome-suivez-levenement-du-groupe-culte-de-rap-marseillais\" target=\"_blank\" rel=\"noopener\">du groupe \u00c4rsenik<\/a>.<\/p>\n<p>\u00ab\u00a0Au-del\u00e0 de la figure publique, Calbo \u00e9tait avant tout un proche, un parent, un \u00eatre cher\u00a0\u00bb, peut-on lire. La famille demande \u00ab\u00a0que leur intimit\u00e9 soit respect\u00e9e durant cette p\u00e9riode de deuil\u00a0\u00bb.<\/p>\n<p>Originaire du Val-d&rsquo;Oise, Calbo \u00e9tait devenu un nom dans le rap notamment en formant \u00c4rsenik en 1992 avec son fr\u00e8re, Lino. Le duo sort son premier album en 1998, intitul\u00e9 \u00ab\u00a0Quelques gouttes suffisent&#8230;\u00a0\u00bb.\u00a0\u00a0Le morceau \u00ab\u00a0Boxe avec les mots\u00a0\u00bb, issu de ce premier album va contribuer \u00e0 la renomm\u00e9e du duo. Qui rejoindra le collectif Secteur \u00c4 aux c\u00f4t\u00e9s d&rsquo;artistes comme Passi et Stomy Bugsy, Doc Gyneco, ou Neg&rsquo; Marrons.\u00a0<\/p>\n<p>Le collectif avait notamment marqu\u00e9 les esprits lors de deux soir\u00e9es r\u00e9unissant l&rsquo;ensemble de ses membres en mai 1998 \u00e0 l&rsquo;Olympia pour marquer le 150e anniversaire de l&rsquo;abolition de l&rsquo;esclavage.\u00a0En 2002, \u00c4rsenik sort son deuxi\u00e8me et ultime album, \u00ab\u00a0Quelque chose a surv\u00e9cu\u00a0\u00bb.\u00a0<\/p>\n<p>En 2022, Calbo \u00e9tait revenu avec un album solo, \u00ab\u00a0Quelques gouttes de plus\u00a0\u00bb.\u00a0<\/p>\n<p>\u00ab\u00a0On a perdu un Grand monsieur du rap\u00a0\u00bb<\/p>\n<p>Le monde de la musique lui rend donc hommage, en ce dimanche. Du c\u00f4t\u00e9 des Marseillais, <a href=\"https:\/\/www.laprovence.com\/article\/sorties-loisirs\/6300777\/akhenaton-solidaire.html\" target=\"_blank\" rel=\"noopener\">Akhenaton <\/a>a par exemple \u00e9crit sobrement sur Instagram :\u00a0 \u00ab\u00a0D\u00e9sol\u00e9&#8230; je ne trouve pas les mots\u00a0\u00bb et, dans une story, <a href=\"https:\/\/www.laprovence.com\/article\/region\/172815977884914\/soprano-sera-la-tete-d-affiche-du-festival-musiks-a-manosque-le-20-juillet-2026\" target=\"_blank\" rel=\"noopener\">Soprano<\/a> a partag\u00e9 ses \u00ab\u00a0\u00e9normes pens\u00e9es pour la famille\u00a0\u00bb.<\/p>\n<p>Le rappeur Rohff a de son c\u00f4t\u00e9 partag\u00e9 une publication sur X. \u00ab\u00a0On a perdu un Grand monsieur du rap et un Grand fr\u00e8re de la vie. Au-del\u00e0 de ses accomplissements rappologiques , je retiens toute la Force et la positivit\u00e9 qu&rsquo;il a transmis au fil des ann\u00e9es \u00e0 ma g\u00e9n\u00e9ration et aux suivantes\u00a0\u00bb, \u00e9crit-il.\u00a0<\/p>\n<p>Parmi les nombreux autres saluts \u00e0 l&rsquo;artiste,\u00a0\u00ab\u00a0\u00c0 chaque fois que je le croisais, il ne me donnait que de l&rsquo;amour\u00a0\u00bb, a indiqu\u00e9 Kery James sur son compte Instagram, tandis que M\u00e9dine a adress\u00e9 un \u00ab\u00a0repose en paix\u00a0\u00bb \u00e0 Calbo. Le rappeur Stomy Bugsy a aussi \u00e9crit : \u00ab\u00a0Calbo est, et restera, avec nous\u00a0\u00bb.<\/p>\n","protected":false},"excerpt":{"rendered":"Avec la mort de Calbo, c&rsquo;est une figure du rap fran\u00e7ais des ann\u00e9es 1990 qui s&rsquo;en va. Le&hellip;\n","protected":false},"author":2,"featured_media":641073,"comment_status":"","ping_status":"","sticky":false,"template":"","format":"standard","meta":{"footnotes":""},"categories":[1359],"tags":[5734,74770,74769,251,58,59,1011,27,2705,17812,18,973,6198],"class_list":{"0":"post-641072","1":"post","2":"type-post","3":"status-publish","4":"format-standard","5":"has-post-thumbnail","7":"category-people","8":"tag-5734","9":"tag-arsenik","10":"tag-calbo","11":"tag-culture","12":"tag-divertissement","13":"tag-entertainment","14":"tag-fr","15":"tag-france","16":"tag-groupe","17":"tag-membre","18":"tag-mort","19":"tag-people","20":"tag-rappeur"},"share_on_mastodon":{"url":"https:\/\/pubeurope.com\/@fr\/115838736414404607","error":""},"_links":{"self":[{"href":"https:\/\/www.europesays.com\/fr\/wp-json\/wp\/v2\/posts\/641072","targetHints":{"allow":["GET"]}}],"collection":[{"href":"https:\/\/www.europesays.com\/fr\/wp-json\/wp\/v2\/posts"}],"about":[{"href":"https:\/\/www.europesays.com\/fr\/wp-json\/wp\/v2\/types\/post"}],"author":[{"embeddable":true,"href":"https:\/\/www.europesays.com\/fr\/wp-json\/wp\/v2\/users\/2"}],"replies":[{"embeddable":true,"href":"https:\/\/www.europesays.com\/fr\/wp-json\/wp\/v2\/comments?post=641072"}],"version-history":[{"count":0,"href":"https:\/\/www.europesays.com\/fr\/wp-json\/wp\/v2\/posts\/641072\/revisions"}],"wp:featuredmedia":[{"embeddable":true,"href":"https:\/\/www.europesays.com\/fr\/wp-json\/wp\/v2\/media\/641073"}],"wp:attachment":[{"href":"https:\/\/www.europesays.com\/fr\/wp-json\/wp\/v2\/media?parent=641072"}],"wp:term":[{"taxonomy":"category","embeddable":true,"href":"https:\/\/www.europesays.com\/fr\/wp-json\/wp\/v2\/categories?post=641072"},{"taxonomy":"post_tag","embeddable":true,"href":"https:\/\/www.europesays.com\/fr\/wp-json\/wp\/v2\/tags?post=641072"}],"curies":[{"name":"wp","href":"https:\/\/api.w.org\/{rel}","templated":true}]}}