{"id":641074,"date":"2026-01-04T20:33:11","date_gmt":"2026-01-04T20:33:11","guid":{"rendered":"https:\/\/www.europesays.com\/fr\/641074\/"},"modified":"2026-01-04T20:33:11","modified_gmt":"2026-01-04T20:33:11","slug":"peindre-sur-les-murs-cest-de-lart-ca","status":"publish","type":"post","link":"https:\/\/www.europesays.com\/fr\/641074\/","title":{"rendered":"Peindre sur les murs, c\u2019est de l\u2019art \u00e7a\u00a0?"},"content":{"rendered":"<p><strong>Chaque lundi soir, \u00e0 20h20 sur Tipik en t\u00e9l\u00e9, retrouvez <a href=\"https:\/\/auvio.rtbf.be\/emission\/c-est-de-l-art-ca-30422\" target=\"_blank\" rel=\"noopener\">un \u00e9pisode de \u00ab\u00a0C\u2019est de l\u2019art \u00e7a\u00a0?\u00a0\u00bb<\/a>.<\/strong><\/p>\n<p><strong>Cette s\u00e9rie vous emm\u00e8ne \u00e0 la d\u00e9couverte des d\u00e9marches originales et provocatrices des artistes de la\u00a0F\u00e9d\u00e9ration Wallonie-Bruxelles.\u00a0Photographie, peinture, sculpture, mode et bien d\u2019autres formes artistiques viendront d\u00e9montrer que l\u2019art peut \u00eatre utile, r\u00e9fl\u00e9chi et sensible. Les arts plastiques nous questionnent, souvent avec humour, toujours avec profondeur.<\/strong><\/p>\n<p><strong>\u00ab\u00a0C\u2019est de l\u2019art, \u00e7a\u00a0?\u00a0\u00bb vous apportera des r\u00e9ponses, et surtout, beaucoup d\u2019\u00e9merveillement. Car la r\u00e9ponse est claire\u00a0: \u00ab\u00a0Oui, c\u2019est de l\u2019art\u00a0!\u00a0\u00bb. Et il suffit de regarder ce programme pour s\u2019en convaincre.<\/strong><\/p>\n","protected":false},"excerpt":{"rendered":"Chaque lundi soir, \u00e0 20h20 sur Tipik en t\u00e9l\u00e9, retrouvez un \u00e9pisode de \u00ab\u00a0C\u2019est de l\u2019art \u00e7a\u00a0?\u00a0\u00bb. Cette&hellip;\n","protected":false},"author":2,"featured_media":641075,"comment_status":"","ping_status":"","sticky":false,"template":"","format":"standard","meta":{"footnotes":""},"categories":[1358],"tags":[1348,1384,1385,1386,58,59,1011,27],"class_list":{"0":"post-641074","1":"post","2":"type-post","3":"status-publish","4":"format-standard","5":"has-post-thumbnail","7":"category-arts-et-design","8":"tag-arts","9":"tag-arts-and-design","10":"tag-arts-et-design","11":"tag-design","12":"tag-divertissement","13":"tag-entertainment","14":"tag-fr","15":"tag-france"},"share_on_mastodon":{"url":"https:\/\/pubeurope.com\/@fr\/115838740270133898","error":""},"_links":{"self":[{"href":"https:\/\/www.europesays.com\/fr\/wp-json\/wp\/v2\/posts\/641074","targetHints":{"allow":["GET"]}}],"collection":[{"href":"https:\/\/www.europesays.com\/fr\/wp-json\/wp\/v2\/posts"}],"about":[{"href":"https:\/\/www.europesays.com\/fr\/wp-json\/wp\/v2\/types\/post"}],"author":[{"embeddable":true,"href":"https:\/\/www.europesays.com\/fr\/wp-json\/wp\/v2\/users\/2"}],"replies":[{"embeddable":true,"href":"https:\/\/www.europesays.com\/fr\/wp-json\/wp\/v2\/comments?post=641074"}],"version-history":[{"count":0,"href":"https:\/\/www.europesays.com\/fr\/wp-json\/wp\/v2\/posts\/641074\/revisions"}],"wp:featuredmedia":[{"embeddable":true,"href":"https:\/\/www.europesays.com\/fr\/wp-json\/wp\/v2\/media\/641075"}],"wp:attachment":[{"href":"https:\/\/www.europesays.com\/fr\/wp-json\/wp\/v2\/media?parent=641074"}],"wp:term":[{"taxonomy":"category","embeddable":true,"href":"https:\/\/www.europesays.com\/fr\/wp-json\/wp\/v2\/categories?post=641074"},{"taxonomy":"post_tag","embeddable":true,"href":"https:\/\/www.europesays.com\/fr\/wp-json\/wp\/v2\/tags?post=641074"}],"curies":[{"name":"wp","href":"https:\/\/api.w.org\/{rel}","templated":true}]}}