{"id":641076,"date":"2026-01-04T20:35:20","date_gmt":"2026-01-04T20:35:20","guid":{"rendered":"https:\/\/www.europesays.com\/fr\/641076\/"},"modified":"2026-01-04T20:35:20","modified_gmt":"2026-01-04T20:35:20","slug":"olivier-marchal-attention-cest-ultra-violent-le-realisateur-de-pax-massilia-vous-conseille-cette-autre-serie-musclee-sur-netflix","status":"publish","type":"post","link":"https:\/\/www.europesays.com\/fr\/641076\/","title":{"rendered":"Olivier Marchal : \u00ab\u00a0Attention, c&rsquo;est ultra violent !\u00a0\u00bb, le r\u00e9alisateur de Pax Massilia vous conseille cette autre s\u00e9rie muscl\u00e9e sur Netflix"},"content":{"rendered":"<p>S&rsquo;il y a une s\u00e9rie que vous devez absolument voir ou d\u00e9couvrir pendant les f\u00eates de fin d&rsquo;ann\u00e9e, c&rsquo;est celle qu&rsquo;Olivier Marchal, le r\u00e9alisateur de Pax Massilia pour Netflix, vous conseille ! <\/p>\n<p>Le mardi 9 d\u00e9cembre 2025, Netflix mettait en ligne <a href=\"https:\/\/www.programme-tv.net\/news\/series-tv\/393736-pax-massilia-netflix-violente-brutale-et-tragique-la-saison-2-de-la-serie-dolivier-marchal-va-vous-laisser-en-etat-de-choc\/\" data-api-deeplink=\"teleloisirs:\/\/news\/393736\" target=\"_blank\" rel=\"noopener\">la saison 2 de Pax Massilia<\/a>, soit deux ans apr\u00e8s <a href=\"https:\/\/www.programme-tv.net\/news\/series-tv\/342022-pax-massilia-puissante-et-nerveuse-la-serie-netflix-dolivier-marchal-va-vous-laisser-ko\/\" data-api-deeplink=\"teleloisirs:\/\/news\/342022\" target=\"_blank\" rel=\"noopener\">une premi\u00e8re fourn\u00e9e de 6 \u00e9pisodes particuli\u00e8rement intenses<\/a> qui avait <a href=\"https:\/\/www.programme-tv.net\/news\/series-tv\/342574-netflix-cette-serie-francaise-haletante-est-lune-des-plus-vues-dans-le-monde-cette-semaine\/\" data-api-deeplink=\"teleloisirs:\/\/news\/342574\" target=\"_blank\" rel=\"noopener\">affol\u00e9 les compteurs de visionnage<\/a>. Depuis, <a href=\"https:\/\/www.programme-tv.net\/news\/series-tv\/394019-pax-massilia-le-vieux-n-a-pas-perdu-la-main-olivier-marchal-reagit-au-carton-de-la-saison-2-de-sa-serie-sur-netflix\/\" data-api-deeplink=\"teleloisirs:\/\/news\/394019\" target=\"_blank\" rel=\"noopener\">le polar d&rsquo;Olivier Marchal caracole \u00e0 nouveau dans les tops de la plateforme de SVOD<\/a>, prouvant &#8211; s&rsquo;il en \u00e9tait besoin &#8211; que le r\u00e9alisateur en avait encore sous le coude. Un metteur en sc\u00e8ne qui est aussi un cin\u00e9phile et un s\u00e9riephile averti. En cette fin d&rsquo;ann\u00e9e, c&rsquo;est avec cette casquette d&rsquo;expert qu&rsquo;il vous conseille, au micro de T\u00e9l\u00e9-Loisirs, une s\u00e9rie \u00e0 voir. Attention : il ne s&rsquo;agit pas vraiment d&rsquo;un programme id\u00e9al pour les f\u00eates ou pour accompagner une b\u00fbche de no\u00ebl&#8230;<\/p>\n<p>\u00ab\u00a0M\u00eame moi qui suis habitu\u00e9\u2026\u00a0\u00bb : Olivier Marchal a ador\u00e9 cette s\u00e9rie espagnole violente \u00e0 voir sur Netflix<\/p>\n<p>Quel est donc cet ovni s\u00e9riel que le r\u00e9alisateur de Pax Massilia vous conseille de voir ? Ne faisons pas durer plus que de mesure le suspense et laissons la parole \u00e0 Olivier Marchal : \u00ab\u00a0Celle que j&rsquo;adore par-dessus tout, c&rsquo;est <a href=\"https:\/\/www.programme-tv.net\/news\/series-tv\/348982-dune-main-de-fer-le-nouveau-thriller-espagnol-de-netflix-qui-va-vous-accrocher\/\" data-api-deeplink=\"teleloisirs:\/\/news\/348982\" target=\"_blank\" rel=\"noopener\">D&rsquo;une main de fer sur Netflix<\/a>. C&rsquo;est une s\u00e9rie espagnole qui parle du trafic de coca\u00efne dans le port de Barcelone. C&rsquo;est incroyable. Si vous ne l&rsquo;avez pas vue, je vous conseille de la regarder. Attention tout de m\u00eame, elle d\u00e9marre doucement mais c&rsquo;est ultra violent. M\u00eame moi qui suis habitu\u00e9, il y a des s\u00e9quences o\u00f9 j&rsquo;ai tourn\u00e9 un peu la t\u00eate. C&rsquo;est sublimement film\u00e9, tr\u00e8s intelligent. Les acteurs sont prodigieux. Les d\u00e9cors, la lumi\u00e8re, la mise en sc\u00e8ne&#8230; C&rsquo;est passionnant !\u00a0\u00bb Rendez-vous donc sur Netflix pour d\u00e9couvrir ce thriller en 8 \u00e9pisodes racontant l&rsquo;ascension de Joaquin Manchado (Eduard Fern\u00e1ndez) au sein du port de Barcelone, v\u00e9ritable plaque tournante d&rsquo;un gigantesque trafic.<\/p>\n<p>                        Apr\u00e8s Pax Massilia, Olivier Marchal a d\u00e9j\u00e0 choisi son prochain projet<\/p>\n<p>Pas s\u00fbr qu&rsquo;Olivier Marchal trouve le temps dans les semaines et les mois qui viennent de regarder une autre s\u00e9rie dans son int\u00e9gralit\u00e9. En effet, une fois qu&rsquo;il aura mis en bo\u00eete <a href=\"https:\/\/www.programme-tv.net\/news\/series-tv\/394025-exclu-pax-massilia-olivier-marchal-balance-deux-premieres-grosses-infos-sur-la-saison-3-de-la-serie-de-netflix\/\" data-api-deeplink=\"teleloisirs:\/\/news\/394025\" target=\"_blank\" rel=\"noopener\">la saison 3 de Pax Massilia<\/a> (qui n&rsquo;a pas encore \u00e9t\u00e9 officiellement command\u00e9e par Netflix mais qui ne fait aucun doute), <a href=\"https:\/\/www.programme-tv.net\/news\/series-tv\/394427-apres-la-saison-3-de-pax-massilia-olivier-marchal-revele-son-prochain-gros-projet\/\" data-api-deeplink=\"teleloisirs:\/\/news\/394427\" target=\"_blank\" rel=\"noopener\">il devrait encha\u00eener avec la r\u00e9alisation d&rsquo;un de ses projets de c\u0153ur<\/a>. Un agenda ultra charg\u00e9 pas forc\u00e9ment compatible avec du binge-watching&#8230;<\/p>\n","protected":false},"excerpt":{"rendered":"S&rsquo;il y a une s\u00e9rie que vous devez absolument voir ou d\u00e9couvrir pendant les f\u00eates de fin d&rsquo;ann\u00e9e,&hellip;\n","protected":false},"author":2,"featured_media":641077,"comment_status":"","ping_status":"","sticky":false,"template":"","format":"standard","meta":{"footnotes":""},"categories":[1356],"tags":[244,74771,58,59,1011,27,2173,127,20270,1722,1721,129,252,1364],"class_list":{"0":"post-641076","1":"post","2":"type-post","3":"status-publish","4":"format-standard","5":"has-post-thumbnail","7":"category-television","8":"tag-commentaire","9":"tag-dune-main-de-fer","10":"tag-divertissement","11":"tag-entertainment","12":"tag-fr","13":"tag-france","14":"tag-interview","15":"tag-netflix","16":"tag-olivier-marchal","17":"tag-pub-streaming-netflix","18":"tag-su00e9rie-netflix","19":"tag-svod","20":"tag-television","21":"tag-tv"},"share_on_mastodon":{"url":"https:\/\/pubeurope.com\/@fr\/115838748251488727","error":""},"_links":{"self":[{"href":"https:\/\/www.europesays.com\/fr\/wp-json\/wp\/v2\/posts\/641076","targetHints":{"allow":["GET"]}}],"collection":[{"href":"https:\/\/www.europesays.com\/fr\/wp-json\/wp\/v2\/posts"}],"about":[{"href":"https:\/\/www.europesays.com\/fr\/wp-json\/wp\/v2\/types\/post"}],"author":[{"embeddable":true,"href":"https:\/\/www.europesays.com\/fr\/wp-json\/wp\/v2\/users\/2"}],"replies":[{"embeddable":true,"href":"https:\/\/www.europesays.com\/fr\/wp-json\/wp\/v2\/comments?post=641076"}],"version-history":[{"count":0,"href":"https:\/\/www.europesays.com\/fr\/wp-json\/wp\/v2\/posts\/641076\/revisions"}],"wp:featuredmedia":[{"embeddable":true,"href":"https:\/\/www.europesays.com\/fr\/wp-json\/wp\/v2\/media\/641077"}],"wp:attachment":[{"href":"https:\/\/www.europesays.com\/fr\/wp-json\/wp\/v2\/media?parent=641076"}],"wp:term":[{"taxonomy":"category","embeddable":true,"href":"https:\/\/www.europesays.com\/fr\/wp-json\/wp\/v2\/categories?post=641076"},{"taxonomy":"post_tag","embeddable":true,"href":"https:\/\/www.europesays.com\/fr\/wp-json\/wp\/v2\/tags?post=641076"}],"curies":[{"name":"wp","href":"https:\/\/api.w.org\/{rel}","templated":true}]}}