{"id":641080,"date":"2026-01-04T20:37:14","date_gmt":"2026-01-04T20:37:14","guid":{"rendered":"https:\/\/www.europesays.com\/fr\/641080\/"},"modified":"2026-01-04T20:37:14","modified_gmt":"2026-01-04T20:37:14","slug":"pourquoi-doom-fatalis-est-lun-des-meilleurs-mechants-des-4-fantastiques-et-des-avengers","status":"publish","type":"post","link":"https:\/\/www.europesays.com\/fr\/641080\/","title":{"rendered":"Pourquoi Doom \/ Fatalis est l&rsquo;un des meilleurs m\u00e9chants des 4 Fantastiques et des Avengers"},"content":{"rendered":"<p>Demandez \u00e0 n\u2019importe quel fan des comics Marvel, <strong>il n\u2019y a pas de <a href=\"https:\/\/www.journaldugeek.com\/critique\/critique-les-4-fantastiques-marvel-y-croit-encore-et-nous\/\" target=\"_blank\" rel=\"false noopener\">4 Fantastiques<\/a> sans Docteur Doom<\/strong>, ou Docteur Fatalis chez nous. Les pr\u00e9c\u00e9dentes adaptations mettant en sc\u00e8ne nos quatre h\u00e9ros n\u2019avaient pas manqu\u00e9 le rendez-vous avec le regrett\u00e9 Julian McMahon sous le masque en 2005 et 2007, puis Toby Kebbell en 2015. Il faut dire que Victor von Fatalis (ou Doom hein) est aux Richards ce que Lex Luthor est \u00e0 <a href=\"https:\/\/www.journaldugeek.com\/critique\/critique-superman-james-gunn-habille-son-heros-des-couleurs-de-lespoir\/\" target=\"_blank\" rel=\"false noopener\">Superman<\/a>. Et si le premier film de l\u2019\u00e9quipe au sein du MCU lui a pr\u00e9f\u00e9r\u00e9 Galactus, le Docteur va avoir un r\u00f4le bien central par la suite.<\/p>\n<p>On annonce tout de suite la couleur, il n\u2019est pas question dans cet article de vous r\u00e9v\u00e9ler si le bonhomme, <strong>antagoniste principal du futur Avengers\u00a0: Doomsday puis Avengers\u00a0: Secret Wars<\/strong>, fait d\u00e9j\u00e0 une apparition dans Les 4 Fantastiques, au cas o\u00f9 vous n\u2019auriez pas encore vu le film. Si vous voulez en savoir davantage, <a href=\"https:\/\/www.journaldugeek.com\/2025\/07\/23\/les-4-fantastiques-combien-de-scenes-post-credits-pour-le-nouveau-marvel\/\" target=\"_blank\" rel=\"false noopener\">rendez-vous ici<\/a>.<\/p>\n<p> <img loading=\"lazy\" decoding=\"async\" class=\"size-full wp-image-50562560\" src=\"https:\/\/www.europesays.com\/fr\/wp-content\/uploads\/2026\/01\/docteur-doom-fatalis-avengers-2.jpg\" alt=\"Pourquoi Doom \/ Fatalis est l'un des meilleurs m\u00e9chants des 4 Fantastiques et des Avengers\" width=\"1920\" height=\"1280\"  \/>\u00a9 Marvel Comics Pourquoi Fatalis est plus important que Thanos <\/p>\n<p>L\u2019histoire de Fatalis elle-m\u00eame pourrait faire l\u2019objet de plusieurs films \u00e0 part enti\u00e8re. Il serait impossible de tout d\u00e9tailler ici alors voici <strong>un rapide r\u00e9sum\u00e9<\/strong>. Victor est n\u00e9 au sein d\u2019une tribu boh\u00e9mienne dans le pays de Latv\u00e9rie. Sa m\u00e8re, une sorci\u00e8re ayant fait un pacte avec M\u00e9phisto, dispara\u00eet alors qu\u2019il est encore enfant. Cette s\u00e9paration le marquera \u00e0 jamais.<\/p>\n<p>Plus tard, tombant sur les affaires de sa m\u00e8re,<strong> il va se former \u00e0 la sorcellerie<\/strong> en autodidacte. \u00c0 l\u2019universit\u00e9, il rencontrera Red Richards dont l\u2019intelligence blessera son propre orgueil, faisant des deux hommes des ennemis. Voyageant autour du monde, il va <strong>d\u00e9couvrir les arts mystiques puis prendra le contr\u00f4le de la Latv\u00e9rie<\/strong> en renversant son roi. Un statut qui lui permettra d\u2019obtenir l\u2019immunit\u00e9 diplomatique dans de nombreux pays.<\/p>\n<p><strong>Doom poss\u00e8de de grands pouvoirs mystiques, c\u2019est \u00e9galement un g\u00e9nie dans de nombreux domaines<\/strong>, dont la robotique, la physique, la g\u00e9n\u00e9tique, l\u2019armement et il a d\u00e9j\u00e0 ma\u00eetris\u00e9 le voyage dans le temps. C\u2019est aussi <strong>un ma\u00eetre dans l\u2019art de la manipulation, et son armure d\u2019une tr\u00e8s grande sophistication<\/strong> lui offre super-force, champ \u00e9lectrique, capacit\u00e9 de vol\u2026 Bref, c\u2019est un individu r\u00e9unissant, \u00e0 un degr\u00e9 un poil moindre (et encore), <strong>les arts de Strange, l\u2019intelligence de Richards et l\u2019\u00e9quipement d\u2019Iron Man<\/strong>. Des facult\u00e9s qui le rendent capable de duper, d\u00e9tourner ou utiliser les plus grandes forces de l\u2019univers.<\/p>\n<p>Le plus grand ennemi de Doom, un peu \u00e0 la mani\u00e8re de Luthor, reste lui-m\u00eame. <strong>Son ego et son orgueil sont les principales causes de ses d\u00e9faites<\/strong> et de ses souffrances. Comme lorsqu\u2019il n\u2019a pas eu la patience d\u2019attendre que son masque de m\u00e9tal refroidisse avant de le poser sur son visage, le br\u00fblant gravement. <strong>Sans cela, il est sans aucun doute l\u2019un des individus les plus dangereux de tout Marvel<\/strong>.<\/p>\n<p> <img loading=\"lazy\" decoding=\"async\" class=\"size-full wp-image-50562562\" src=\"https:\/\/www.europesays.com\/fr\/wp-content\/uploads\/2026\/01\/docteur-doom-fatalis-avengers-4.jpg\" alt=\"Pourquoi Doom \/ Fatalis est l'un des meilleurs m\u00e9chants des 4 Fantastiques et des Avengers\" width=\"1920\" height=\"1280\"  \/>\u00a9 Fox Ce que Doomsday ne doit pas rater <\/p>\n<p>Ce n\u2019est pas un secret, <strong>l\u2019arriv\u00e9e de Doom en m\u00e9chant des prochains Avengers dans le MCU tient davantage du plan de secours que du projet longuement construit<\/strong>. On se souvient que le r\u00f4le de vilain de service devait \u00eatre d\u00e9volu \u00e0 Kang avant que <a href=\"https:\/\/www.journaldugeek.com\/2023\/12\/19\/jonathan-majors-kang-evince-du-mcu-apres-avoir-ete-reconnu-coupable-dagression\/\" target=\"_blank\" rel=\"noopener\">Disney ne se s\u00e9pare de Jonathan Majors<\/a> et se refuse \u00e0 recaster un personnage qui n\u2019avait pas particuli\u00e8rement marqu\u00e9 le public. \u00c0 la place, Kevin Feige a pr\u00e9f\u00e9r\u00e9 sortir tous ses as de sa manche en annon\u00e7ant l\u2019un des antagonistes les plus iconiques de la Maison des Id\u00e9es ET <strong>Robert Downey Jr. dans le r\u00f4le<\/strong>. On appelle \u00e7a faire tapis au Poker.<\/p>\n<p>Le pari est compr\u00e9hensible. Quitte \u00e0 sortir l\u2019un des m\u00e9chants ultimes, autant le faire incarner par celui qui a litt\u00e9ralement port\u00e9 Marvel Studios jusqu\u2019\u00e0 Avengers\u00a0: Endgame, histoire de s\u2019assurer que la machine \u00e0 billets verts reparte de l\u2019avant. Et Robert va empocher un <a href=\"https:\/\/www.journaldugeek.com\/2024\/07\/31\/doomsday-que-cache-le-retour-de-robert-downey-jr\/\" target=\"_blank\" rel=\"noopener\">tr\u00e8s tr\u00e8s joli ch\u00e8que<\/a> au passage. N\u00e9anmoins, <strong>les chances que cette d\u00e9cision se retourne contre le MCU sont tr\u00e8s grandes<\/strong>.<\/p>\n<p> <img loading=\"lazy\" decoding=\"async\" class=\"size-full wp-image-50555146\" src=\"https:\/\/www.europesays.com\/fr\/wp-content\/uploads\/2026\/01\/Doomsday-robert-downey-jr-1.jpg\" alt=\"Doomsday Robert Downey Jr\" width=\"1920\" height=\"1280\"  \/>\u00a9 Journal du Geek <\/p>\n<p>On a aucune inqui\u00e9tude concernant la fid\u00e9lit\u00e9 au costume ou aux capacit\u00e9s exceptionnelles du personnage.<strong> Le MCU nous a habitu\u00e9s \u00e0 respecter ses propres cr\u00e9ations<\/strong> \u00e0 ce niveau l\u00e0. On ne devrait donc pas avoir la version Power Rangers de 2015. RDJ est un excellent acteur et Tony Stark a l\u2019intelligence d\u2019un Victor von Fatalis apr\u00e8s tout.<\/p>\n<p>Sauf qu\u2019il y a <strong>deux pi\u00e8ges \u00e0 \u00e9viter<\/strong>. Le premier est de <strong>faire de Doom une simple version obscure d\u2019un Iron Man qui aurait mal tourn\u00e9<\/strong>. On sait que cette version existe dans le multivers des comics Marvel et que c\u2019est ce qui va servir de base pour expliquer le choix de casting. Mais depuis le temps que les fans attendent l\u2019arriv\u00e9e de Fatalis dans le MCU, ils m\u00e9ritent mieux qu\u2019une simple reproduction d\u00e9tourn\u00e9e d\u2019un personnage qu\u2019ils connaissent d\u00e9j\u00e0. Doom a une personnalit\u00e9, une histoire, des comp\u00e9tences, qui le rendent unique au sein de toute l\u2019\u00e9curie Marvel, sur papier ou \u00e0 l\u2019\u00e9cran et qui ne peuvent \u00eatre r\u00e9sum\u00e9es \u00e0 \u00ab\u00a0un Tony Stark du c\u00f4t\u00e9 obscur\u00a0\u00bb. Cette solution serait <strong>un vrai signe de flemmardise sc\u00e9naristique<\/strong>.<\/p>\n<p> Et si\u2026 <\/p>\n<p>Pourtant, avec le m\u00eame acteur derri\u00e8re le masque, comment pourrait-il en \u00eatre autrement\u00a0? C\u2019est le pi\u00e8ge num\u00e9ro 2. Le masque. <strong>Fatalis n\u2019enl\u00e8ve presque jamais son masque<\/strong>. <strong>C\u2019est une caract\u00e9ristique fondatrice du personnage<\/strong>, ce qui lui donne son aura, le rend effrayant, car on ne peut lire son visage. Ses pens\u00e9es, ses plans, ses \u00e9motions sont cach\u00e9s derri\u00e8re ce masque.<\/p>\n<p> <img loading=\"lazy\" decoding=\"async\" class=\"size-full wp-image-50562561\" src=\"https:\/\/www.europesays.com\/fr\/wp-content\/uploads\/2026\/01\/docteur-doom-fatalis-avengers-3.jpg\" alt=\"Pourquoi Doom \/ Fatalis est l'un des meilleurs m\u00e9chants des 4 Fantastiques et des Avengers\" width=\"1920\" height=\"1280\"  \/>\u00a9 Marvel Comics <\/p>\n<p><strong>La peur des fans lorsque Downey Jr. a \u00e9t\u00e9 officialis\u00e9 a \u00e9t\u00e9 la m\u00eame\u00a0: celle de voir bien trop souvent la t\u00eate l\u2019acteur dans les prochains Avengers<\/strong>. Quand on paye une star des millions, on sait que la logique financi\u00e8re et marketing veuille qu\u2019elle soit \u00e0 l\u2019\u00e9cran. D\u2019o\u00f9 la r\u00e9ticence de chaque film \u00e0 masquer trop souvent ses super-h\u00e9ros. Sauf <a href=\"https:\/\/www.journaldugeek.com\/critique\/critique-deadpool-wolverine-le-film-dont-marvel-avait-besoin\/\" target=\"_blank\" rel=\"false noopener\">Deadpool<\/a> puisque Ryan Reynolds y veille. Et puis on devine que les Russo imaginent d\u00e9j\u00e0 une sc\u00e8ne o\u00f9 Peter Parker se retrouverait face \u00e0 un Tony Stark mal\u00e9fique\u2026<\/p>\n<p>Alors soyons fous une minute. N\u2019imaginons pas les implications \u00e9conomiques d\u2019une telle d\u00e9cision. <strong>Et si Avengers\u00a0: Doomsday et sa suite faisaient le pari ultime\u00a0?<\/strong> <strong>Prendre un excellent acteur pour le r\u00f4le uniquement pour le r\u00f4le<\/strong>. Robert Downey Jr. incarnerait bien un Victor von Doom qui conserverait son masque. Pas de \u00ab\u00a0oh, c\u2019est Tony Stark\u00a0!\u00a0\u00bb. M\u00eame pour le com\u00e9dien, il s\u2019agirait d\u2019un nouveau d\u00e9fi <strong>avec une interpr\u00e9tation compl\u00e8tement diff\u00e9rente<\/strong>. D\u2019autant qu\u2019on rappelle que <a href=\"https:\/\/www.journaldugeek.com\/2025\/03\/24\/robert-downey-jr-en-docteur-fatalis-lidee-est-loin-detre-nouvelle\/\" target=\"_blank\" rel=\"false noopener\">l\u2019acteur \u00e9tait envisag\u00e9 pour le r\u00f4le<\/a> de Fatalis \u00e0 l\u2019\u00e9poque des films Fox. Pour le coup, l\u00e0, \u00e7a serait une v\u00e9ritable surprise. Oui, on sait, on r\u00eave tout haut\u2026<\/p>\n<blockquote style=\"border:1px solid #971048;border-radius:8px;\">\n<p class=\"text-base text-neutral-700 dark:text-neutral-300\" style=\"color:grey;\">\ud83d\udfe3 Pour ne manquer aucune news sur le Journal du Geek, <a href=\"https:\/\/profile.google.com\/cp\/CgwvZy8xejJ2N182c2MaHmh0dHBzOi8vd3d3LmpvdXJuYWxkdWdlZWsuY29tLw==?pf=6\" target=\"_blank\" rel=\"noopener\">suivez-nous sur Google<\/a> et sur notre canal <a href=\"https:\/\/whatsapp.com\/channel\/0029VaClM5y4tRry12tb7D2h\" target=\"_blank\" rel=\"noopener\">WhatsApp<\/a>. Et si vous nous adorez, on a <a href=\"https:\/\/www.journaldugeek.com\/newsletter\/\" target=\"_blank\" rel=\"noopener\">une newsletter tous les matins<\/a>.<\/p>\n<\/blockquote>\n","protected":false},"excerpt":{"rendered":"Demandez \u00e0 n\u2019importe quel fan des comics Marvel, il n\u2019y a pas de 4 Fantastiques sans Docteur Doom,&hellip;\n","protected":false},"author":2,"featured_media":641081,"comment_status":"","ping_status":"","sticky":false,"template":"","format":"standard","meta":{"footnotes":""},"categories":[1354],"tags":[4553,58,59,1346,1011,27,41337,28380,2135,11224,1360,35469],"class_list":{"0":"post-641080","1":"post","2":"type-post","3":"status-publish","4":"format-standard","5":"has-post-thumbnail","7":"category-films","8":"tag-avengers-doomsday","9":"tag-divertissement","10":"tag-entertainment","11":"tag-films","12":"tag-fr","13":"tag-france","14":"tag-kevin-feige","15":"tag-les-4-fantastiques","16":"tag-marvel","17":"tag-mcu","18":"tag-movies","19":"tag-robert-downey-jr"},"share_on_mastodon":{"url":"https:\/\/pubeurope.com\/@fr\/115838756148438069","error":""},"_links":{"self":[{"href":"https:\/\/www.europesays.com\/fr\/wp-json\/wp\/v2\/posts\/641080","targetHints":{"allow":["GET"]}}],"collection":[{"href":"https:\/\/www.europesays.com\/fr\/wp-json\/wp\/v2\/posts"}],"about":[{"href":"https:\/\/www.europesays.com\/fr\/wp-json\/wp\/v2\/types\/post"}],"author":[{"embeddable":true,"href":"https:\/\/www.europesays.com\/fr\/wp-json\/wp\/v2\/users\/2"}],"replies":[{"embeddable":true,"href":"https:\/\/www.europesays.com\/fr\/wp-json\/wp\/v2\/comments?post=641080"}],"version-history":[{"count":0,"href":"https:\/\/www.europesays.com\/fr\/wp-json\/wp\/v2\/posts\/641080\/revisions"}],"wp:featuredmedia":[{"embeddable":true,"href":"https:\/\/www.europesays.com\/fr\/wp-json\/wp\/v2\/media\/641081"}],"wp:attachment":[{"href":"https:\/\/www.europesays.com\/fr\/wp-json\/wp\/v2\/media?parent=641080"}],"wp:term":[{"taxonomy":"category","embeddable":true,"href":"https:\/\/www.europesays.com\/fr\/wp-json\/wp\/v2\/categories?post=641080"},{"taxonomy":"post_tag","embeddable":true,"href":"https:\/\/www.europesays.com\/fr\/wp-json\/wp\/v2\/tags?post=641080"}],"curies":[{"name":"wp","href":"https:\/\/api.w.org\/{rel}","templated":true}]}}