{"id":641082,"date":"2026-01-04T20:38:13","date_gmt":"2026-01-04T20:38:13","guid":{"rendered":"https:\/\/www.europesays.com\/fr\/641082\/"},"modified":"2026-01-04T20:38:13","modified_gmt":"2026-01-04T20:38:13","slug":"une-femme-sur-quatre-denonce-des-soins-irrespectueux-a-la-maternite","status":"publish","type":"post","link":"https:\/\/www.europesays.com\/fr\/641082\/","title":{"rendered":"Une femme sur quatre d\u00e9nonce des soins irrespectueux \u00e0 la maternit\u00e9"},"content":{"rendered":"<p>    La r\u00e9daction vous conseille<\/p>\n<p>Ces situations de soins irrespectueux regroupent des r\u00e9alit\u00e9s vari\u00e9es. Les patientes rapportent notamment une communication d\u00e9faillante, l\u2019usage d\u2019un ton condescendant ou une absence d\u2019explications sur les actes pratiqu\u00e9s. Dans certains cas, il s\u2019agit d\u2019actes m\u00e9dicaux r\u00e9alis\u00e9s sans consentement clair, provoquant un sentiment d\u2019infantilisation ou d\u2019humiliation chez des patientes en situation de grande vuln\u00e9rabilit\u00e9.<\/p>\n<p>L\u2019impact de ces pratiques ne s\u2019arr\u00eate pas \u00e0 la salle de naissance. Les chercheurs ont \u00e9tabli un lien statistique avec la sant\u00e9 mentale des jeunes m\u00e8res. Le taux de sympt\u00f4mes d\u00e9pressifs grimpe \u00e0 21,8\u00a0% chez les femmes ayant subi ces comportements, contre 16,6\u00a0% pour la moyenne g\u00e9n\u00e9rale. Marianne Jacques, post-doctorante \u00e0 l\u2019Inserm, pr\u00e9cise que ces gestes sont associ\u00e9s \u00e0 une augmentation de 37\u00a0% du risque de d\u00e9velopper des sympt\u00f4mes d\u00e9pressifs apr\u00e8s la naissance.<\/p>\n","protected":false},"excerpt":{"rendered":"La r\u00e9daction vous conseille Ces situations de soins irrespectueux regroupent des r\u00e9alit\u00e9s vari\u00e9es. Les patientes rapportent notamment une&hellip;\n","protected":false},"author":2,"featured_media":641083,"comment_status":"","ping_status":"","sticky":false,"template":"","format":"standard","meta":{"footnotes":""},"categories":[10],"tags":[1011,27,72,71],"class_list":{"0":"post-641082","1":"post","2":"type-post","3":"status-publish","4":"format-standard","5":"has-post-thumbnail","7":"category-sante","8":"tag-fr","9":"tag-france","10":"tag-health","11":"tag-sante"},"share_on_mastodon":{"url":"https:\/\/pubeurope.com\/@fr\/115838759945411456","error":""},"_links":{"self":[{"href":"https:\/\/www.europesays.com\/fr\/wp-json\/wp\/v2\/posts\/641082","targetHints":{"allow":["GET"]}}],"collection":[{"href":"https:\/\/www.europesays.com\/fr\/wp-json\/wp\/v2\/posts"}],"about":[{"href":"https:\/\/www.europesays.com\/fr\/wp-json\/wp\/v2\/types\/post"}],"author":[{"embeddable":true,"href":"https:\/\/www.europesays.com\/fr\/wp-json\/wp\/v2\/users\/2"}],"replies":[{"embeddable":true,"href":"https:\/\/www.europesays.com\/fr\/wp-json\/wp\/v2\/comments?post=641082"}],"version-history":[{"count":0,"href":"https:\/\/www.europesays.com\/fr\/wp-json\/wp\/v2\/posts\/641082\/revisions"}],"wp:featuredmedia":[{"embeddable":true,"href":"https:\/\/www.europesays.com\/fr\/wp-json\/wp\/v2\/media\/641083"}],"wp:attachment":[{"href":"https:\/\/www.europesays.com\/fr\/wp-json\/wp\/v2\/media?parent=641082"}],"wp:term":[{"taxonomy":"category","embeddable":true,"href":"https:\/\/www.europesays.com\/fr\/wp-json\/wp\/v2\/categories?post=641082"},{"taxonomy":"post_tag","embeddable":true,"href":"https:\/\/www.europesays.com\/fr\/wp-json\/wp\/v2\/tags?post=641082"}],"curies":[{"name":"wp","href":"https:\/\/api.w.org\/{rel}","templated":true}]}}