{"id":641088,"date":"2026-01-04T20:41:10","date_gmt":"2026-01-04T20:41:10","guid":{"rendered":"https:\/\/www.europesays.com\/fr\/641088\/"},"modified":"2026-01-04T20:41:10","modified_gmt":"2026-01-04T20:41:10","slug":"apres-noel-la-deco-semble-vide-voici-10-petits-changements-tres-visibles-pour-tout-reinitialiser-en-janvier","status":"publish","type":"post","link":"https:\/\/www.europesays.com\/fr\/641088\/","title":{"rendered":"Apr\u00e8s No\u00ebl, la d\u00e9co semble vide ? Voici 10 petits changements tr\u00e8s visibles pour tout r\u00e9initialiser en janvier"},"content":{"rendered":"<p>D\u00e9but janvier, le sapin perd ses aiguilles, les guirlandes<br \/>\nclignotent encore et l\u2019on sent que la maison a besoin de tourner la<br \/>\npage. Les f\u00eates ont apport\u00e9 de la magie, mais aussi une certaine<br \/>\nsaturation visuelle. On n\u2019a pas envie de tout refaire, seulement de<br \/>\nretrouver un int\u00e9rieur plus calme, plus respirable, adapt\u00e9 aux<br \/>\nlongues soir\u00e9es d\u2019hiver.<\/p>\n<p>Les d\u00e9corateurs parlent d\u00e9sormais de <strong>reset d\u00e9co<\/strong><br \/>\nplut\u00f4t que de relooking : un ajustement, fait de petits gestes<br \/>\ncibl\u00e9s. Une enqu\u00eate europ\u00e9enne r\u00e9cente montre que 81 % des<br \/>\npersonnes se sentent mieux dans un logement propre et ordonn\u00e9, et<br \/>\n61 % accusent le d\u00e9sordre de casser l\u2019ambiance accueillante. Dix<br \/>\nmicro-changements bien choisis suffisent \u00e0 faire basculer la maison<br \/>\nen mode cocon de janvier.<\/p>\n<p>Reset d\u00e9co apr\u00e8s No\u00ebl : retrouver une base neutre et<br \/>\nordonn\u00e9e<\/p>\n<p>Premier r\u00e9flexe de <strong>d\u00e9co apr\u00e8s No\u00ebl<\/strong> : d\u00e9monter<br \/>\navec m\u00e9thode. On regroupe par cat\u00e9gories (sapin, guirlandes, table,<br \/>\nlumi\u00e8res), on range dans des bo\u00eetes transparentes ou \u00e9tiquet\u00e9es, et<br \/>\nl\u2019on en profite pour \u00e9carter tout ce qui est ab\u00eem\u00e9 ou ne correspond<br \/>\nplus \u00e0 son style. Une fois les cartons descendus \u00e0 la cave, un<br \/>\nnettoyage rapide des sols, textiles et surfaces offre une base<br \/>\nclaire, pr\u00eate \u00e0 accueillir la nouvelle saison.<\/p>\n<p>Sur cette toile plus neutre, on lance une d\u00e9tox visuelle des<br \/>\npi\u00e8ces de vie. On vide compl\u00e8tement la table basse et le buffet,<br \/>\npuis on ne remet que quelques \u00e9l\u00e9ments choisis : livres, lampe,<br \/>\nbougie. Au centre de la table, un simple plateau en c\u00e9ramique, deux<br \/>\nbougies hautes et une branche d\u2019eucalyptus cr\u00e9ent un d\u00e9cor d\u2019hiver<br \/>\napais\u00e9. Pour un changement tr\u00e8s visible sans travaux, la cuisine<br \/>\ngagne beaucoup avec de nouveaux poign\u00e9es, un riel \u00e0 crochets et une<br \/>\npetite \u00e9tag\u00e8re ouverte qui alignent tasses et bocaux.<\/p>\n<p>Lumi\u00e8re et objets forts : la nouvelle signature de la maison en<br \/>\njanvier<\/p>\n<p>Dans le salon, le vrai reset passe par la lumi\u00e8re. Au lieu d\u2019un<br \/>\nunique plafonnier, on superpose un lampadaire pr\u00e8s du canap\u00e9, une<br \/>\nlampe de table et une petite lumi\u00e8re d\u2019appoint, r\u00e9gl\u00e9es sur des<br \/>\nblancs chauds qui rappellent la flamme d\u2019une bougie. Certains<br \/>\npeintres conseillent m\u00eame un blanc doux de type Cloud<br \/>\nDancer dans l\u2019entr\u00e9e, associ\u00e9 \u00e0 du bois clair et \u00e0 quelques<br \/>\ntouches miel, pour amplifier cette douceur.<\/p>\n<p>Autre geste spectaculaire : troquer les guirlandes et la boule \u00e0<br \/>\nfacettes pour un <strong>n\u00e9on d\u00e9coratif LED<\/strong>. Choisi en<br \/>\nambre, rose poudr\u00e9 ou blanc chaud, accroch\u00e9 sur un mur un peu<br \/>\nsombre et reli\u00e9 \u00e0 un variateur, il devient la signature lumineuse<br \/>\ndu salon tout en restant tr\u00e8s doux pour les yeux. C\u00f4t\u00e9 objets, une<br \/>\n<strong>statuette en grenat rouge<\/strong> fait office de talisman<br \/>\nde janvier : couleur profonde, mati\u00e8re min\u00e9rale et symbolique de<br \/>\nchance et d\u2019harmonie. Plac\u00e9e pr\u00e8s de la porte d\u2019entr\u00e9e, sur la<br \/>\ntable basse ou sur une \u00e9tag\u00e8re baign\u00e9e de lumi\u00e8re, elle<br \/>\ns\u2019accompagne volontiers d\u2019un petit rituel : pi\u00e8ce briqu\u00e9e, quelques<br \/>\ngouttes d\u2019orange douce sur un galet, main pos\u00e9e dessus le temps de<br \/>\nformuler une intention pour l\u2019ann\u00e9e.<\/p>\n<p>Bouger les meubles et cocooner les<br \/>\npi\u00e8ces intimes<\/p>\n<p>Une fois la lumi\u00e8re pos\u00e9e, le mobilier peut bouger l\u00e9g\u00e8rement.<br \/>\nD\u00e9coller le canap\u00e9 de la paroi de vingt centim\u00e8tres, r\u00e9orienter la<br \/>\ntable basse, suffisent souvent \u00e0 faire respirer le salon. En<br \/>\nprofitant de ce d\u00e9placement, on cr\u00e9e un vrai coin lecture :<br \/>\nfauteuil confortable, petite table, lampe \u00e0 hauteur d\u2019\u00e9paule et<br \/>\ntapis moelleux. Les ma\u00eetres-mots 2026 restent l\u2019\u00e9pure, la lumi\u00e8re<br \/>\net l\u2019authenticit\u00e9, que l\u2019on retrouve en privil\u00e9giant bois clair,<br \/>\nrotin et c\u00e9ramique brute.<\/p>\n<p>Dans les pi\u00e8ces intimes, les micro-changements sont tout aussi<br \/>\nvisibles. Dans la chambre, un grand tapis qui d\u00e9passe de chaque<br \/>\nc\u00f4t\u00e9 du lit encadre la zone de repos, tandis qu\u2019un banc au pied de<br \/>\nla literie structure la perspective et offre un support pour plaid<br \/>\net v\u00eatements du jour. On modernise la lumi\u00e8re de lecture avec une<br \/>\napplique ou une suspension et un abat-jour en lin ou en rafia.<br \/>\nEnfin, la salle de bains prend des airs de spa gr\u00e2ce \u00e0 une<br \/>\n<strong>\u00e9chelle porte-serviettes<\/strong> ou \u00e0 un porte-manteau<br \/>\ngraphique, compl\u00e9t\u00e9s par de grandes serviettes cr\u00e8me bien rang\u00e9es :<br \/>\nun dernier geste qui cl\u00f4t ce reset en dix petits changements, mais<br \/>\ntr\u00e8s visibles.<\/p>\n","protected":false},"excerpt":{"rendered":"D\u00e9but janvier, le sapin perd ses aiguilles, les guirlandes clignotent encore et l\u2019on sent que la maison a&hellip;\n","protected":false},"author":2,"featured_media":641089,"comment_status":"","ping_status":"","sticky":false,"template":"","format":"standard","meta":{"footnotes":""},"categories":[7],"tags":[5481,150,34703,8117,3026,1011,27,25104,4743,15830,5175,471,74774,43,40,41,39,74772,42,44,3585,933,21632,74773,6013],"class_list":{"0":"post-641088","1":"post","2":"type-post","3":"status-publish","4":"format-standard","5":"has-post-thumbnail","7":"category-sciences-et-technologies","8":"tag-5481","9":"tag-apres","10":"tag-changements","11":"tag-deco","12":"tag-en","13":"tag-fr","14":"tag-france","15":"tag-janvier","16":"tag-la","17":"tag-noel","18":"tag-petits","19":"tag-pour","20":"tag-reinitialiser","21":"tag-science","22":"tag-science-and-technology","23":"tag-sciences","24":"tag-sciences-et-technologies","25":"tag-semble","26":"tag-technologies","27":"tag-technology","28":"tag-tout","29":"tag-tres","30":"tag-vide","31":"tag-visibles","32":"tag-voici"},"share_on_mastodon":{"url":"https:\/\/pubeurope.com\/@fr\/115838771762448972","error":""},"_links":{"self":[{"href":"https:\/\/www.europesays.com\/fr\/wp-json\/wp\/v2\/posts\/641088","targetHints":{"allow":["GET"]}}],"collection":[{"href":"https:\/\/www.europesays.com\/fr\/wp-json\/wp\/v2\/posts"}],"about":[{"href":"https:\/\/www.europesays.com\/fr\/wp-json\/wp\/v2\/types\/post"}],"author":[{"embeddable":true,"href":"https:\/\/www.europesays.com\/fr\/wp-json\/wp\/v2\/users\/2"}],"replies":[{"embeddable":true,"href":"https:\/\/www.europesays.com\/fr\/wp-json\/wp\/v2\/comments?post=641088"}],"version-history":[{"count":0,"href":"https:\/\/www.europesays.com\/fr\/wp-json\/wp\/v2\/posts\/641088\/revisions"}],"wp:featuredmedia":[{"embeddable":true,"href":"https:\/\/www.europesays.com\/fr\/wp-json\/wp\/v2\/media\/641089"}],"wp:attachment":[{"href":"https:\/\/www.europesays.com\/fr\/wp-json\/wp\/v2\/media?parent=641088"}],"wp:term":[{"taxonomy":"category","embeddable":true,"href":"https:\/\/www.europesays.com\/fr\/wp-json\/wp\/v2\/categories?post=641088"},{"taxonomy":"post_tag","embeddable":true,"href":"https:\/\/www.europesays.com\/fr\/wp-json\/wp\/v2\/tags?post=641088"}],"curies":[{"name":"wp","href":"https:\/\/api.w.org\/{rel}","templated":true}]}}