{"id":641092,"date":"2026-01-04T20:43:11","date_gmt":"2026-01-04T20:43:11","guid":{"rendered":"https:\/\/www.europesays.com\/fr\/641092\/"},"modified":"2026-01-04T20:43:11","modified_gmt":"2026-01-04T20:43:11","slug":"la-colere-du-danemark-apres-un-tweet-de-la-femme-dun-conseiller-de-trump","status":"publish","type":"post","link":"https:\/\/www.europesays.com\/fr\/641092\/","title":{"rendered":"la col\u00e8re du Danemark apr\u00e8s un tweet de la femme d&rsquo;un conseiller de Trump"},"content":{"rendered":"<p class=\"article-p mdl\">Le Groenland repr\u00e9sent\u00e9 sous pavillon am\u00e9ricain. L&rsquo;ambassadeur du Danemark aux \u00c9tats-Unis a appel\u00e9 dimanche 4 janvier au \u00ab\u00a0respect total\u00a0\u00bb de\u00a0<a class=\"link\" href=\"https:\/\/www.rtl.fr\/actu\/international\/les-infos-de-12h30-groenland-ce-que-l-on-sait-de-la-visite-de-macron-sur-cette-ile-convoitee-par-trump-7900513301\" title=\"Les infos de 12h30 - Groenland : ce que l&#039;on sait de la visite de Macron sur cette \u00eele convoit\u00e9e par Trump\" target=\"_blank\" rel=\"noopener\">l&rsquo;int\u00e9grit\u00e9 territoriale du Groenland<\/a>, apr\u00e8s le tweet de la femme du directeur de cabinet adjoint \u00e0 la Maison Blanche ayant partag\u00e9 une photo du Groenland sous le drapeau am\u00e9ricain.<\/p>\n<p class=\"article-p mdl\">Katie Miller, \u00e9pouse du directeur de cabinet adjoint de la Maison Blanche, Stephen Miller, a publi\u00e9 samedi sur son compte X une photo du Groenland color\u00e9e aux couleurs du drapeau am\u00e9ricain, assortie d&rsquo;une courte l\u00e9gende en capitales: \u00ab\u00a0SOON\u00a0\u00bb (bient\u00f4t).<\/p>\n<p class=\"article-p mdl\"><a class=\"link\" href=\"https:\/\/www.rtl.fr\/actu\/international\/groenland-le-coup-de-fil-horrible-de-donald-trump-a-la-premiere-ministre-danoise-7900466015\" title=\"Groenland : le coup de fil &quot;horrible&quot; de Donald Trump \u00e0 la premi\u00e8re ministre danoise\" target=\"_blank\" rel=\"noopener\">Le Groenland est convoit\u00e9 par Donald Trump, au grand dam du Danemark,<\/a>\u00a0et les tensions entre les deux pays ont \u00e9t\u00e9 relanc\u00e9es par l&rsquo;annonce fin d\u00e9cembre par le pr\u00e9sident am\u00e9ricain de la nomination d&rsquo;un envoy\u00e9 sp\u00e9cial pour ce vaste territoire autonome danois.<\/p>\n<p class=\"article-p mdl\">\u00ab\u00a0Petit rappel amical concernant les \u00c9tats-Unis et le Royaume du Danemark : nous sommes des alli\u00e9s proches et devons continuer \u00e0 travailler ensemble en tant que tels\u00a0\u00bb, a d\u00e9clar\u00e9 dans une r\u00e9ponse au message de Katie Miller, l&rsquo;ambassadeur du Danemark aux \u00c9tats-Unis, Jesper M\u00f8ller S\u00f8rensen. \u00ab\u00a0Et oui, nous attendons le respect total de l&rsquo;int\u00e9grit\u00e9 territoriale du Royaume du Danemark\u00a0\u00bb, \u00e9crit-il.<\/p>\n<p>        \u00c0 \u00e9couter<\/p>\n<p class=\"col-12 col-md-11\">\n<p>                                260. Donald Trump lorgne-t-il vraiment sur le Groenland, le Canada et le canal de Panama ?\n                        <\/p>\n<p class=\"article-p mdl\">Katie Miller a \u00e9t\u00e9 un temps conseill\u00e8re et porte-parole de\u00a0<a class=\"link\" href=\"https:\/\/www.rtl.fr\/actu\/international\/aux-etats-unis-le-doge-le-departement-de-l-efficacite-gouvernementale-cree-pour-elon-musk-n-existe-plus-apres-11-mois-d-existence-7900570546\" title=\"Aux \u00c9tats-Unis, le Doge, le D\u00e9partement de l&#039;efficacit\u00e9 gouvernementale cr\u00e9\u00e9 pour Elon Musk, n&#039;existe plus, apr\u00e8s 11 mois d&#039;existence\" target=\"_blank\" rel=\"noopener\">la commission pour l&rsquo;efficacit\u00e9 gouvernementale Doge,<\/a>\u00a0alors dirig\u00e9e par Elon Musk, avant d&rsquo;\u00eatre employ\u00e9e par le milliardaire dans le secteur priv\u00e9.\u00a0<\/p>\n<blockquote class=\"twitter-tweet\">\n<p lang=\"en\" dir=\"ltr\">Just a friendly reminder about the US and the Kingdom of Denmark: We are close allies and should continue to work together as such. US security is also Greenland\u2019s and Denmark\u2019s security. Greenland is already part of NATO. The Kingdom of Denmark and the United States work\u2026 <a href=\"https:\/\/t.co\/CboKnlKgJL\">https:\/\/t.co\/CboKnlKgJL<\/a><\/p>\n<p>\u2014 Jesper M\u00f8ller S\u00f8rensen \ud83c\udde9\ud83c\uddf0 (@DKambUSA) <a href=\"https:\/\/twitter.com\/DKambUSA\/status\/2007607563601273179?ref_src=twsrc%5Etfw\" target=\"_blank\" rel=\"noopener\">January 4, 2026<\/a><\/p><\/blockquote>\n<p class=\"article-p mdl\">La publication de Miller sur X intervient apr\u00e8s que\u00a0<a class=\"link\" href=\"https:\/\/www.rtl.fr\/actu\/international\/l-enjeu-c-est-ce-que-va-faire-l-armee-maduro-capture-quels-sont-desormais-les-scenarios-possibles-au-venezuela-7900584401\" title=\"&quot;L&#039;enjeu, c&#039;est ce que va faire l&#039;arm\u00e9e&quot; : Maduro captur\u00e9, quels sont d\u00e9sormais les sc\u00e9narios possibles au Venezuela ?\" target=\"_blank\" rel=\"noopener\">l&rsquo;arm\u00e9e am\u00e9ricaine a captur\u00e9 le pr\u00e9sident v\u00e9n\u00e9zu\u00e9lien, Nicolas Maduro, et son \u00e9pouse lors d&rsquo;une op\u00e9ration men\u00e9e \u00e0 Caracas<\/a>. L&rsquo;op\u00e9ration au Venezuela est vue par des experts comme un avertissement aux alli\u00e9s des \u00c9tats-Unis inquiets des menaces de Donald Trump de s&rsquo;accaparer des ressources strat\u00e9giques, \u00e0 commencer par sa volont\u00e9 d\u00e9clar\u00e9e d&rsquo;annexer le Groenland.<\/p>\n<p>    L&rsquo;\u00e9quipe de l&rsquo;\u00e9mission vous recommande<\/p>\n<p class=\"s-newsletter__title\">\n                L\u2019actualit\u00e9 par la r\u00e9daction de RTL dans votre bo\u00eete mail.\n            <\/p>\n<p class=\"s-newsletter__subtitle\">\n                Gr\u00e2ce \u00e0 votre compte RTL abonnez-vous \u00e0 la newsletter RTL info pour suivre toute l&rsquo;actualit\u00e9 au quotidien\n            <\/p>\n<p>\n                                    Lire la suite\n                                <\/p>\n<p>                            <script async src=\"https:\/\/platform.twitter.com\/widgets.js\" charset=\"utf-8\"><\/script><\/p>\n","protected":false},"excerpt":{"rendered":"Le Groenland repr\u00e9sent\u00e9 sous pavillon am\u00e9ricain. L&rsquo;ambassadeur du Danemark aux \u00c9tats-Unis a appel\u00e9 dimanche 4 janvier au \u00ab\u00a0respect&hellip;\n","protected":false},"author":2,"featured_media":641093,"comment_status":"","ping_status":"","sticky":false,"template":"","format":"standard","meta":{"footnotes":""},"categories":[5],"tags":[11,145,73,107,1011,27,14,12,28],"class_list":{"0":"post-641092","1":"post","2":"type-post","3":"status-publish","4":"format-standard","5":"has-post-thumbnail","7":"category-international","8":"tag-actualites","9":"tag-danemark","10":"tag-etats-unis","11":"tag-fil-info","12":"tag-fr","13":"tag-france","14":"tag-international","15":"tag-news","16":"tag-world"},"share_on_mastodon":{"url":"https:\/\/pubeurope.com\/@fr\/115838779747600193","error":""},"_links":{"self":[{"href":"https:\/\/www.europesays.com\/fr\/wp-json\/wp\/v2\/posts\/641092","targetHints":{"allow":["GET"]}}],"collection":[{"href":"https:\/\/www.europesays.com\/fr\/wp-json\/wp\/v2\/posts"}],"about":[{"href":"https:\/\/www.europesays.com\/fr\/wp-json\/wp\/v2\/types\/post"}],"author":[{"embeddable":true,"href":"https:\/\/www.europesays.com\/fr\/wp-json\/wp\/v2\/users\/2"}],"replies":[{"embeddable":true,"href":"https:\/\/www.europesays.com\/fr\/wp-json\/wp\/v2\/comments?post=641092"}],"version-history":[{"count":0,"href":"https:\/\/www.europesays.com\/fr\/wp-json\/wp\/v2\/posts\/641092\/revisions"}],"wp:featuredmedia":[{"embeddable":true,"href":"https:\/\/www.europesays.com\/fr\/wp-json\/wp\/v2\/media\/641093"}],"wp:attachment":[{"href":"https:\/\/www.europesays.com\/fr\/wp-json\/wp\/v2\/media?parent=641092"}],"wp:term":[{"taxonomy":"category","embeddable":true,"href":"https:\/\/www.europesays.com\/fr\/wp-json\/wp\/v2\/categories?post=641092"},{"taxonomy":"post_tag","embeddable":true,"href":"https:\/\/www.europesays.com\/fr\/wp-json\/wp\/v2\/tags?post=641092"}],"curies":[{"name":"wp","href":"https:\/\/api.w.org\/{rel}","templated":true}]}}