{"id":641094,"date":"2026-01-04T20:44:17","date_gmt":"2026-01-04T20:44:17","guid":{"rendered":"https:\/\/www.europesays.com\/fr\/641094\/"},"modified":"2026-01-04T20:44:17","modified_gmt":"2026-01-04T20:44:17","slug":"charquemont-lagriculteur-recalcitrant-neutralise-grace-au-pistolet-a-impulsion-electrique","status":"publish","type":"post","link":"https:\/\/www.europesays.com\/fr\/641094\/","title":{"rendered":"Charquemont. L\u2019agriculteur r\u00e9calcitrant neutralis\u00e9 gr\u00e2ce au pistolet \u00e0 impulsion \u00e9lectrique"},"content":{"rendered":"<p>\u00catre connu comme le loup blanc, y compris \u00e0 la tomb\u00e9e de la nuit, peut pr\u00e9senter des d\u00e9sagr\u00e9ments. Il \u00e9tait 17\u00a0h\u00a030, ce samedi, lorsque les gendarmes ont rep\u00e9r\u00e9 un tracteur cheminant dans les rues de Charquemont. Au volant, une vieille connaissance\u00a0: un homme qui, par le pass\u00e9, s\u2019est d\u00e9j\u00e0 (tristement) illustr\u00e9 sur le registre des d\u00e9lits routiers.<\/p>\n<p>Les militaires d\u00e9cident de le contr\u00f4ler. Manifestement, le quinquag\u00e9naire n\u2019est pas dans les meilleures dispositions. En d\u00e9pit d\u2019une odeur d\u2019alcool flottant autour de lui et \u00e9manant fortement de son haleine, cet homme de 52 ans refuse de se soumettre au d\u00e9pistage. Il va m\u00eame plus loin en se d\u00e9battant et en blessant, involontairement, une femme gendarme.<\/p>\n<p>Ce contenu est bloqu\u00e9 car vous n&rsquo;avez pas accept\u00e9 les cookies et autres traceurs.<\/p>\n<p>En cliquant sur \u00ab J\u2019accepte \u00bb, les cookies et autres traceurs seront d\u00e9pos\u00e9s et vous pourrez visualiser les contenus  (<a href=\"\" class=\"consentModule_policy\" target=\"_blank\" title=\"Consulter la politique de protection des donn\u00e9es du fournisseur\">plus d&rsquo;informations<\/a>).<\/p>\n<p>En cliquant sur \u00ab J\u2019accepte tous les cookies \u00bb, vous autorisez des d\u00e9p\u00f4ts de cookies et autres traceurs pour le stockage de vos donn\u00e9es sur nos sites et applications \u00e0 des fins de personnalisation et de ciblage publicitaire.<\/p>\n<p class=\"consentModule_secondaryText\">Vous gardez la possibilit\u00e9 de retirer votre consentement \u00e0 tout moment en consultant notre <a href=\"https:\/\/www.estrepublicain.fr\/protection-des-donnees\" target=\"_blank\" title=\"Consulter notre politique de protection des donn\u00e9es\" rel=\"noopener\">politique de protection des donn\u00e9es<\/a>. <br \/>&#13;<br \/>\n            <a href=\"https:\/\/www.estrepublicain.fr\/faits-divers-justice\/2026\/01\/04\/javascript:Didomi.notice.show()\" class=\"consentModule_cmp\" target=\"_blank\" rel=\"noopener\">G\u00e9rer mes choix<\/a>&#13;\n        <\/p>\n<p>&#13;<br \/>\n                        J&rsquo;accepte&#13;<br \/>\n            J&rsquo;accepte tous les cookies&#13;\n        <\/p>\n<p>  Au r\u00e9veil, il plaide coupable<\/p>\n<p>Face \u00e0 la situation qui d\u00e9rape, les coll\u00e8gues de la victime choisissent de d\u00e9gainer le pistolet\u2026 \u00e0 impulsion \u00e9lectrique. Ce qui a pour cons\u00e9quence de sonner l\u2019\u00e9nerv\u00e9. Rideau noir\u00a0! Et un ticket gratuit pour une nuit dans une ge\u00f4le de la brigade de Ma\u00eeche. Apr\u00e8s v\u00e9rifications, il appara\u00eet que son taux d\u2019alcool dans le sang \u00e9tait d\u2019ordre contraventionnel\u00a0; autrement dit sous le demi-gramme. En clair, s\u2019il avait obtemp\u00e9r\u00e9, l\u2019affaire aurait \u00e9t\u00e9 sold\u00e9e sans grandes cons\u00e9quences.<\/p>\n<p>Au r\u00e9veil, revenu \u00e0 de meilleurs sentiments, l\u2019agriculteur a admis ses torts. En vertu de quoi, le procureur de permanence lui a fait remettre une convocation pour un \u00ab\u00a0plaider coupable\u00a0\u00bb.<\/p>\n","protected":false},"excerpt":{"rendered":"\u00catre connu comme le loup blanc, y compris \u00e0 la tomb\u00e9e de la nuit, peut pr\u00e9senter des d\u00e9sagr\u00e9ments.&hellip;\n","protected":false},"author":2,"featured_media":641095,"comment_status":"","ping_status":"","sticky":false,"template":"","format":"standard","meta":{"footnotes":""},"categories":[4],"tags":[11,73337,73336,271,272,8026,10332,14384,274,1011,27,12,25],"class_list":{"0":"post-641094","1":"post","2":"type-post","3":"status-publish","4":"format-standard","5":"has-post-thumbnail","7":"category-france","8":"tag-actualites","9":"tag-cc-du-pays-de-maiche-25a","10":"tag-charquemont","11":"tag-crime","12":"tag-delit-et-contravention","13":"tag-doubs","14":"tag-edition-belfort-hericourt-montbeliard","15":"tag-edition-pontarlier-haut-doubs","16":"tag-faits-divers-justice","17":"tag-fr","18":"tag-france","19":"tag-news","20":"tag-republique-francaise"},"share_on_mastodon":{"url":"https:\/\/pubeurope.com\/@fr\/115838783659179656","error":""},"_links":{"self":[{"href":"https:\/\/www.europesays.com\/fr\/wp-json\/wp\/v2\/posts\/641094","targetHints":{"allow":["GET"]}}],"collection":[{"href":"https:\/\/www.europesays.com\/fr\/wp-json\/wp\/v2\/posts"}],"about":[{"href":"https:\/\/www.europesays.com\/fr\/wp-json\/wp\/v2\/types\/post"}],"author":[{"embeddable":true,"href":"https:\/\/www.europesays.com\/fr\/wp-json\/wp\/v2\/users\/2"}],"replies":[{"embeddable":true,"href":"https:\/\/www.europesays.com\/fr\/wp-json\/wp\/v2\/comments?post=641094"}],"version-history":[{"count":0,"href":"https:\/\/www.europesays.com\/fr\/wp-json\/wp\/v2\/posts\/641094\/revisions"}],"wp:featuredmedia":[{"embeddable":true,"href":"https:\/\/www.europesays.com\/fr\/wp-json\/wp\/v2\/media\/641095"}],"wp:attachment":[{"href":"https:\/\/www.europesays.com\/fr\/wp-json\/wp\/v2\/media?parent=641094"}],"wp:term":[{"taxonomy":"category","embeddable":true,"href":"https:\/\/www.europesays.com\/fr\/wp-json\/wp\/v2\/categories?post=641094"},{"taxonomy":"post_tag","embeddable":true,"href":"https:\/\/www.europesays.com\/fr\/wp-json\/wp\/v2\/tags?post=641094"}],"curies":[{"name":"wp","href":"https:\/\/api.w.org\/{rel}","templated":true}]}}