{"id":641100,"date":"2026-01-04T20:47:10","date_gmt":"2026-01-04T20:47:10","guid":{"rendered":"https:\/\/www.europesays.com\/fr\/641100\/"},"modified":"2026-01-04T20:47:10","modified_gmt":"2026-01-04T20:47:10","slug":"saint-etienne-au-lycee-du-marais-sainte-therese-la-chaudronnerie-a-redore-son-blason","status":"publish","type":"post","link":"https:\/\/www.europesays.com\/fr\/641100\/","title":{"rendered":"Saint-\u00c9tienne. Au lyc\u00e9e du Marais Sainte-Th\u00e9r\u00e8se, la chaudronnerie a redor\u00e9 son blason"},"content":{"rendered":"<p>La chaudronnerie soudure est une des formations historiques de cet \u00e9tablissement priv\u00e9. N\u00e9anmoins, les enseignants constatent une \u00e9volution au cours des r\u00e9centes ann\u00e9es, avec des \u00e9l\u00e8ves qui adh\u00e8rent bien \u00e0 ce projet de m\u00e9tiers, gr\u00e2ce aux deux dipl\u00f4mes pr\u00e9par\u00e9s ici\u00a0: le CAP et le Bac professionnel. <\/p>\n<p>La meilleure preuve est le faible taux de d\u00e9part tout au long de ces cursus. Les campagnes de valorisation des emplois de l\u2019industrie ont sans doute port\u00e9 leurs fruits, de m\u00eame que les facilit\u00e9s pour y trouver du travail.<\/p>\n<p>\u00ab\u00a0Je ne me verrai pas dans un bureau\u00a0\u00bb<\/p>\n<p>\u00ab\u00a0C\u2019est un m\u00e9tier d\u2019artistes\u00a0\u00bb,&#8230;<\/p>\n","protected":false},"excerpt":{"rendered":"La chaudronnerie soudure est une des formations historiques de cet \u00e9tablissement priv\u00e9. N\u00e9anmoins, les enseignants constatent une \u00e9volution&hellip;\n","protected":false},"author":2,"featured_media":641101,"comment_status":"","ping_status":"","sticky":false,"template":"","format":"standard","meta":{"footnotes":""},"categories":[9653],"tags":[1111,11,2430,3599,7539,1057,1777,674,1011,27,12,25,4001,7538],"class_list":{"0":"post-641100","1":"post","2":"type-post","3":"status-publish","4":"format-standard","5":"has-post-thumbnail","7":"category-saint-etienne","8":"tag-actu","9":"tag-actualites","10":"tag-auvergne-rhone-alpes","11":"tag-college-lycee","12":"tag-edition-loire-sud","13":"tag-education","14":"tag-eu","15":"tag-europe","16":"tag-fr","17":"tag-france","18":"tag-news","19":"tag-republique-francaise","20":"tag-saint-etienne","21":"tag-saint-etienne-ville"},"share_on_mastodon":{"url":"https:\/\/pubeurope.com\/@fr\/115838795278527759","error":""},"_links":{"self":[{"href":"https:\/\/www.europesays.com\/fr\/wp-json\/wp\/v2\/posts\/641100","targetHints":{"allow":["GET"]}}],"collection":[{"href":"https:\/\/www.europesays.com\/fr\/wp-json\/wp\/v2\/posts"}],"about":[{"href":"https:\/\/www.europesays.com\/fr\/wp-json\/wp\/v2\/types\/post"}],"author":[{"embeddable":true,"href":"https:\/\/www.europesays.com\/fr\/wp-json\/wp\/v2\/users\/2"}],"replies":[{"embeddable":true,"href":"https:\/\/www.europesays.com\/fr\/wp-json\/wp\/v2\/comments?post=641100"}],"version-history":[{"count":0,"href":"https:\/\/www.europesays.com\/fr\/wp-json\/wp\/v2\/posts\/641100\/revisions"}],"wp:featuredmedia":[{"embeddable":true,"href":"https:\/\/www.europesays.com\/fr\/wp-json\/wp\/v2\/media\/641101"}],"wp:attachment":[{"href":"https:\/\/www.europesays.com\/fr\/wp-json\/wp\/v2\/media?parent=641100"}],"wp:term":[{"taxonomy":"category","embeddable":true,"href":"https:\/\/www.europesays.com\/fr\/wp-json\/wp\/v2\/categories?post=641100"},{"taxonomy":"post_tag","embeddable":true,"href":"https:\/\/www.europesays.com\/fr\/wp-json\/wp\/v2\/tags?post=641100"}],"curies":[{"name":"wp","href":"https:\/\/api.w.org\/{rel}","templated":true}]}}