{"id":641115,"date":"2026-01-04T21:00:11","date_gmt":"2026-01-04T21:00:11","guid":{"rendered":"https:\/\/www.europesays.com\/fr\/641115\/"},"modified":"2026-01-04T21:00:11","modified_gmt":"2026-01-04T21:00:11","slug":"vigilance-orange-declenchee-par-meteo-france","status":"publish","type":"post","link":"https:\/\/www.europesays.com\/fr\/641115\/","title":{"rendered":"vigilance orange d\u00e9clench\u00e9e par M\u00e9t\u00e9o France"},"content":{"rendered":"<p>                    Par<br \/>\n        <strong><br \/>\n            <a href=\"https:\/\/actu.fr\/auteur\/brian-legoff\" title=\"Consulter tous les articles de Brian Le Goff\" target=\"_blank\" rel=\"noopener\">Brian Le Goff<\/a><br \/>\n                    <\/strong><\/p>\n<p>        Publi\u00e9 le<\/p>\n<p>            4 janv. 2026 \u00e0 16h46        <\/p>\n<p>\u00ab\u2009On est<strong> toujours dans une descente froide<\/strong> qui arrive par le nord de l\u2019Europe et une confrontation entre l\u2019anticyclone sur l\u2019Atlantique et la d\u00e9pression sur la Scandinavie dans un flux de secteur nord-est\u2009\u00bb, expose d\u2019embl\u00e9e <strong>S\u00e9bastien Decaux, m\u00e9t\u00e9orologue<\/strong> pour <a href=\"https:\/\/www.meteo.bzh\/\" target=\"_blank\" rel=\"noopener\">M\u00e9t\u00e9o Bretagne<\/a>.<\/p>\n<p class=\" wall-content\">\n<p class=\" wall-content\">Dans ce contexte, les <strong>temp\u00e9ratures sont tr\u00e8s basses, voire glaciales<\/strong>. De la <a href=\"https:\/\/actu.fr\/tag\/neige\" target=\"_blank\" rel=\"noopener\">neige<\/a> et du verglas sont attendus dans la r\u00e9gion, lundi 5\u00a0janvier 2026. <a href=\"https:\/\/actu.fr\/tag\/meteo-france\" target=\"_blank\" rel=\"noopener\">M\u00e9t\u00e9o France<\/a> vient d\u2019annoncer, dimanche 4\u00a0janvier \u00e0 16h, que <a href=\"https:\/\/actu.fr\/meteo\/neige-meteo-france-declenche-la-vigilance-orange-dans-sept-departements-pour-lundi-les-previsions_63648673.html\" target=\"_blank\" rel=\"noopener\"><strong>sept d\u00e9partements \u00e9taient plac\u00e9s en vigilance orange<\/strong><\/a> en <a href=\"https:\/\/actu.fr\/bretagne\/\" target=\"_blank\" rel=\"noopener\">Bretagne<\/a> et <a href=\"https:\/\/actu.fr\/normandie\/\" target=\"_blank\" rel=\"noopener\">Normandie<\/a>. Il s\u2019agit du <a href=\"https:\/\/actu.fr\/bretagne\/finistere_29\" target=\"_blank\" rel=\"noopener\">Finist\u00e8re<\/a>, des <a href=\"https:\/\/actu.fr\/bretagne\/cotes-d-armor_22\" target=\"_blank\" rel=\"noopener\">C\u00f4tes-d\u2019Armor<\/a>, de l\u2019<a href=\"https:\/\/actu.fr\/bretagne\/ille-et-vilaine_35\" target=\"_blank\" rel=\"noopener\">Ille-et-Vilaine<\/a> pour la Bretagne.<\/p>\n<p class=\" wall-content\">\n<p class=\" wall-content\"><strong>D\u2019abord en vigilance jaune dimanche 4\u00a0janvier, d\u00e8s 18h,<\/strong> ces trois d\u00e9partements bretons seront<strong> rejoints par le <a href=\"https:\/\/actu.fr\/morbihan\/\" target=\"_blank\" rel=\"noopener\">Morbihan<\/a> \u00e0 partir de 6h lundi<\/strong>.<\/p>\n<p class=\" wall-content\">Les trois premiers d\u00e9partements <strong>passeront \u00e0 l\u2019orange \u00e0 10h.<\/strong> Le Finist\u00e8re et les C\u00f4tes-d\u2019Armor <strong>reviendront en jaune \u00e0 18h lundi<\/strong>. Ce sera <strong>\u00e0 20h pour l\u2019Ille-et-Vilaine.<\/strong> Toute la Bretagne restera en vigilance jaune d\u00e8s lors.<\/p>\n<blockquote class=\"ac-article-quote wall-content\">\n<p>De la Manche au Finist\u00e8re, les chutes de neige d\u00e9buteront en matin\u00e9e et se poursuivront dans l\u2019apr\u00e8s-midi. On attend 3 \u00e0 7 cm de mani\u00e8re assez \u00e9tendue avec des maxima autour de 10 cm possibles sur les hauteurs. <\/p>\n<p>    <strong>M\u00e9t\u00e9o France<\/strong>\n            <\/p><\/blockquote>\n<p class=\" wall-content\">Sollicit\u00e9 par <a href=\"https:\/\/actu.fr\/rennes\/\" target=\"_blank\" rel=\"noopener\">actu Rennes<\/a>, S\u00e9bastien Decaux partage les pr\u00e9visions m\u00e9t\u00e9o des prochaines heures. Voici ce qui nous attend.<\/p>\n<p class=\" wall-content\">\n<p>Gel\u00e9es matinales g\u00e9n\u00e9ralis\u00e9es<\/p>\n<p class=\" wall-content\">Dans la nuit de dimanche\u00a04 \u00e0 lundi 5\u00a0janvier, le ciel nocturne est d\u00e9gag\u00e9. Avec le rayonnement, l\u2019air en surface continue d\u2019\u00eatre tr\u00e8s froid. <strong>\u00ab\u2009Jusqu\u2019\u00e0 mercredi<\/strong>, les gel\u00e9es matinales seront g\u00e9n\u00e9ralis\u00e9es<strong> avec -4, -5, voire -6\u00a0\u00b0C<\/strong>.\u2009\u00bb<\/p>\n<p>Votre r\u00e9gion, votre actu !<\/p>\n<p>Recevez chaque jour les infos qui comptent pour vous.<\/p>\n<p>\t<a href=\"https:\/\/actu.fr\/newsletter\" class=\"ac-btn ac-btn--corner ac-btn--medium ac-btn--blue800\" target=\"_blank\" rel=\"noopener\">S&rsquo;incrire<\/a><\/p>\n<blockquote class=\"ac-article-quote wall-content\">\n<p>Lundi matin, des averses neigeuses tomberont dans l&rsquo;int\u00e9rieur des terres. L&rsquo;Ille-et-Vilaine sera bien expos\u00e9e avec des averses qui arrivent par le littoral de la Manche pousser vers le sud.<\/p>\n<p>    <strong>S\u00e9bastien Decaux<\/strong><br \/>\n        M\u00e9t\u00e9orologue pour M\u00e9t\u00e9o Bretagne    <\/p><\/blockquote>\n<p class=\" wall-content\">Des<strong> averses de pluie et neige m\u00eal\u00e9es continueront \u00e0 tomber lundi apr\u00e8s-midi<\/strong>. \u00ab\u2009Mais, avec des temp\u00e9ratures de 4 \u00e0 5\u00a0\u00b0C, la<strong> tenue au sol est tr\u00e8s limit\u00e9e<\/strong> dans le temps.\u2009\u00bb<\/p>\n<p class=\" wall-content\">\n<p>\u00c0\u00a0nouveau de la neige mercredi\u2009?<\/p>\n<p class=\" wall-content\"><strong>Mardi 6\u00a0janvier<\/strong>, sur l\u2019ouest de la Bretagne, il devrait <strong>pleuvoir<\/strong> sur le littoral notamment. \u00c0 l\u2019est de la r\u00e9gion, ce sont <strong>les \u00e9claircies et les nuages<\/strong> sans pr\u00e9cipitations qui s\u2019installeront.<\/p>\n<p class=\" wall-content\"><strong>Pour mercredi, la situation n\u2019est pas fiabilis\u00e9e.<\/strong> Une perturbation par le nord-ouest arrive et bute sur l\u2019air froid. \u00ab\u2009Il <strong>pourrait neiger sur l\u2019Ille-et-Vilaine<\/strong> principalement tandis qu\u2019il s\u2019agirait de pluie sur l\u2019ouest de la Bretagne.\u2009\u00bb<\/p>\n<p>Un coup de vent \u00e0 partir de jeudi<\/p>\n<p class=\" wall-content\">Puis, \u00e0 partir de jeudi, on entre dans une <strong>phase de transition avec moins de froid,<\/strong> un ciel plus nuageux et le vent qui va se lever.<\/p>\n<p class=\" wall-content\">\u00ab\u2009On pourrait parler de coup de vent pour de nombreux secteurs avec des <strong>rafales qui d\u00e9passent les 80\u00a0km\/h et aller jusqu\u2019\u00e0 100\u00a0km\/h, mais \u00e7a reste \u00e0 pr\u00e9ciser.<\/strong> En r\u00e9sum\u00e9, on s\u2019attend donc \u00e0 un redoux avec du vent et de la pluie \u00e0 partir de jeudi\u2009\u00bb, conclut S\u00e9bastien Decaux.<\/p>\n<p class=\" wall-content\">Personnalisez votre actualit\u00e9 en ajoutant vos villes et m\u00e9dias en favori avec <a href=\"https:\/\/moncompte.actu.fr\" title=\"D\u00e9couvez Mon Actu\" rel=\"nofollow noopener\" data-trk=\"{&quot;cta&quot;:{&quot;action&quot;:&quot;https:\\\/\\\/moncompte.actu.fr&quot;,&quot;category&quot;:&quot;mon compte&quot;,&quot;from&quot;:&quot;article footer&quot;,&quot;name&quot;:&quot;Mon actu&quot;,&quot;type&quot;:&quot;cta&quot;}}\" target=\"_blank\">Mon Actu<\/a>.<\/p>\n","protected":false},"excerpt":{"rendered":"Par Brian Le Goff Publi\u00e9 le 4 janv. 2026 \u00e0 16h46 \u00ab\u2009On est toujours dans une descente froide&hellip;\n","protected":false},"author":2,"featured_media":641116,"comment_status":"","ping_status":"","sticky":false,"template":"","format":"standard","meta":{"footnotes":""},"categories":[2821],"tags":[1111,11,829,1777,674,1011,27,2487,2357,10584,12,584,25],"class_list":{"0":"post-641115","1":"post","2":"type-post","3":"status-publish","4":"format-standard","5":"has-post-thumbnail","7":"category-rennes","8":"tag-actu","9":"tag-actualites","10":"tag-bretagne","11":"tag-eu","12":"tag-europe","13":"tag-fr","14":"tag-france","15":"tag-meteo","16":"tag-meteo-france","17":"tag-neige","18":"tag-news","19":"tag-rennes","20":"tag-republique-francaise"},"share_on_mastodon":{"url":"https:\/\/pubeurope.com\/@fr\/115838846506306090","error":""},"_links":{"self":[{"href":"https:\/\/www.europesays.com\/fr\/wp-json\/wp\/v2\/posts\/641115","targetHints":{"allow":["GET"]}}],"collection":[{"href":"https:\/\/www.europesays.com\/fr\/wp-json\/wp\/v2\/posts"}],"about":[{"href":"https:\/\/www.europesays.com\/fr\/wp-json\/wp\/v2\/types\/post"}],"author":[{"embeddable":true,"href":"https:\/\/www.europesays.com\/fr\/wp-json\/wp\/v2\/users\/2"}],"replies":[{"embeddable":true,"href":"https:\/\/www.europesays.com\/fr\/wp-json\/wp\/v2\/comments?post=641115"}],"version-history":[{"count":0,"href":"https:\/\/www.europesays.com\/fr\/wp-json\/wp\/v2\/posts\/641115\/revisions"}],"wp:featuredmedia":[{"embeddable":true,"href":"https:\/\/www.europesays.com\/fr\/wp-json\/wp\/v2\/media\/641116"}],"wp:attachment":[{"href":"https:\/\/www.europesays.com\/fr\/wp-json\/wp\/v2\/media?parent=641115"}],"wp:term":[{"taxonomy":"category","embeddable":true,"href":"https:\/\/www.europesays.com\/fr\/wp-json\/wp\/v2\/categories?post=641115"},{"taxonomy":"post_tag","embeddable":true,"href":"https:\/\/www.europesays.com\/fr\/wp-json\/wp\/v2\/tags?post=641115"}],"curies":[{"name":"wp","href":"https:\/\/api.w.org\/{rel}","templated":true}]}}