{"id":641117,"date":"2026-01-04T21:01:10","date_gmt":"2026-01-04T21:01:10","guid":{"rendered":"https:\/\/www.europesays.com\/fr\/641117\/"},"modified":"2026-01-04T21:01:10","modified_gmt":"2026-01-04T21:01:10","slug":"transports-scolaires-suspendus-et-restrictions-pour-les-poids-lourds","status":"publish","type":"post","link":"https:\/\/www.europesays.com\/fr\/641117\/","title":{"rendered":"transports scolaires suspendus et restrictions pour les poids lourds"},"content":{"rendered":"<p>                    Par<br \/>\n        <strong><br \/>\n            <a href=\"https:\/\/actu.fr\/auteur\/brian-legoff\" title=\"Consulter tous les articles de Brian Le Goff\" target=\"_blank\" rel=\"noopener\">Brian Le Goff<\/a><br \/>\n                    <\/strong><\/p>\n<p>        Publi\u00e9 le<\/p>\n<p>            4 janv. 2026 \u00e0 19h14        <\/p>\n<p>Le <a href=\"https:\/\/actu.fr\/bretagne\/rennes_35238\/en-bretagne-de-la-neige-pour-la-rentree-vigilance-orange-declenchee-par-meteo-france_63647457.html\" target=\"_blank\" rel=\"noopener\">d\u00e9partement d\u2019Ille-et-Vilaine est plac\u00e9 en vigilance orange neige-verglas<\/a> <strong>par M\u00e9t\u00e9o France, lundi 5\u00a0janvier 2026,<\/strong> comme <a href=\"https:\/\/actu.fr\/meteo\/neige-meteo-france-declenche-la-vigilance-orange-dans-sept-departements-pour-lundi-les-previsions_63648673.html\" target=\"_blank\" rel=\"noopener\">six autres d\u00e9partements bretons et normands<\/a>.<\/p>\n<p>Transports scolaires suspendus<\/p>\n<p class=\" wall-content\">Au vu de cette situation exceptionnelle, la pr\u00e9fecture a annonc\u00e9 en toute fin de journ\u00e9e que les <strong>transports scolaires \u00e9taient suspendus<\/strong> pour la journ\u00e9e de lundi sur le d\u00e9partement.<\/p>\n<p class=\" wall-content\">Mais ce n\u2019est pas la seule mesure annonc\u00e9e. En effet, <strong>les poids lourds<\/strong> devront aussi respecter certaines r\u00e8gles. Il leur sera strictement <strong>interdit de doubler et ils verront leur vitesse autoris\u00e9e abaiss\u00e9e<\/strong>.<\/p>\n<p class=\" wall-content\">\n<p>Une possible interdiction de circulation des poids lourds<\/p>\n<p class=\" wall-content\">Sur les axes nationaux, il est <strong>possible que leur circulation soit tout simplement interdite \u00e0 partir de 10h<\/strong> avec la mise en place de zones de stockage des v\u00e9hicules.<\/p>\n<p class=\" wall-content\">Pour rappel, M\u00e9t\u00e9o France pr\u00e9voit de la Manche au Finist\u00e8re des chutes de neige en matin\u00e9e qui se poursuivront dans l\u2019apr\u00e8s-midi. \u00ab\u2009On attend 3 \u00e0 7\u00a0cm de mani\u00e8re assez \u00e9tendue avec des maxima autour de 10\u00a0cm possibles sur les hauteurs\u2009\u00bb, souligne M\u00e9t\u00e9o France.<\/p>\n<p class=\" wall-content\">Personnalisez votre actualit\u00e9 en ajoutant vos villes et m\u00e9dias en favori avec <a href=\"https:\/\/moncompte.actu.fr\" title=\"D\u00e9couvez Mon Actu\" rel=\"nofollow noopener\" data-trk=\"{&quot;cta&quot;:{&quot;action&quot;:&quot;https:\\\/\\\/moncompte.actu.fr&quot;,&quot;category&quot;:&quot;mon compte&quot;,&quot;from&quot;:&quot;article footer&quot;,&quot;name&quot;:&quot;Mon actu&quot;,&quot;type&quot;:&quot;cta&quot;}}\" target=\"_blank\">Mon Actu<\/a>.<\/p>\n","protected":false},"excerpt":{"rendered":"Par Brian Le Goff Publi\u00e9 le 4 janv. 2026 \u00e0 19h14 Le d\u00e9partement d\u2019Ille-et-Vilaine est plac\u00e9 en vigilance&hellip;\n","protected":false},"author":2,"featured_media":641118,"comment_status":"","ping_status":"","sticky":false,"template":"","format":"standard","meta":{"footnotes":""},"categories":[2821],"tags":[1111,11,829,3542,1777,674,1011,27,2487,10584,12,584,25],"class_list":{"0":"post-641117","1":"post","2":"type-post","3":"status-publish","4":"format-standard","5":"has-post-thumbnail","7":"category-rennes","8":"tag-actu","9":"tag-actualites","10":"tag-bretagne","11":"tag-circulation","12":"tag-eu","13":"tag-europe","14":"tag-fr","15":"tag-france","16":"tag-meteo","17":"tag-neige","18":"tag-news","19":"tag-rennes","20":"tag-republique-francaise"},"share_on_mastodon":{"url":"https:\/\/pubeurope.com\/@fr\/115838850404362685","error":""},"_links":{"self":[{"href":"https:\/\/www.europesays.com\/fr\/wp-json\/wp\/v2\/posts\/641117","targetHints":{"allow":["GET"]}}],"collection":[{"href":"https:\/\/www.europesays.com\/fr\/wp-json\/wp\/v2\/posts"}],"about":[{"href":"https:\/\/www.europesays.com\/fr\/wp-json\/wp\/v2\/types\/post"}],"author":[{"embeddable":true,"href":"https:\/\/www.europesays.com\/fr\/wp-json\/wp\/v2\/users\/2"}],"replies":[{"embeddable":true,"href":"https:\/\/www.europesays.com\/fr\/wp-json\/wp\/v2\/comments?post=641117"}],"version-history":[{"count":0,"href":"https:\/\/www.europesays.com\/fr\/wp-json\/wp\/v2\/posts\/641117\/revisions"}],"wp:featuredmedia":[{"embeddable":true,"href":"https:\/\/www.europesays.com\/fr\/wp-json\/wp\/v2\/media\/641118"}],"wp:attachment":[{"href":"https:\/\/www.europesays.com\/fr\/wp-json\/wp\/v2\/media?parent=641117"}],"wp:term":[{"taxonomy":"category","embeddable":true,"href":"https:\/\/www.europesays.com\/fr\/wp-json\/wp\/v2\/categories?post=641117"},{"taxonomy":"post_tag","embeddable":true,"href":"https:\/\/www.europesays.com\/fr\/wp-json\/wp\/v2\/tags?post=641117"}],"curies":[{"name":"wp","href":"https:\/\/api.w.org\/{rel}","templated":true}]}}