{"id":641119,"date":"2026-01-04T21:02:34","date_gmt":"2026-01-04T21:02:34","guid":{"rendered":"https:\/\/www.europesays.com\/fr\/641119\/"},"modified":"2026-01-04T21:02:34","modified_gmt":"2026-01-04T21:02:34","slug":"un-concert-pour-redecouvrir-le-messie-et-dixit-dominus","status":"publish","type":"post","link":"https:\/\/www.europesays.com\/fr\/641119\/","title":{"rendered":"Un concert pour red\u00e9couvrir Le Messie et Dixit Dominus"},"content":{"rendered":"<p>L\u2019\u00e9glise Saint-Nicolas de Sarreguemines accueillera le samedi 24\u00a0janvier \u00e0 18\u00a0h, l\u2019Orchestre du Rhin et son ch\u0153ur de jeunes. Au programme de cette soir\u00e9e, deux \u0153uvres majeures du compositeur allemand Georg Friedrich Haendel seront propos\u00e9es\u00a0: Dixit Dominus et Le Messie. Cette version in\u00e9dite, pens\u00e9e pour rassembler les g\u00e9n\u00e9rations, revisite ces chefs-d\u2019\u0153uvre de la musique chorale baroque.<\/p>\n<p class=\"note\">Tarifs\u00a0: 15\u00a0\u20ac et 20\u00a0\u20ac.<\/p>\n","protected":false},"excerpt":{"rendered":"L\u2019\u00e9glise Saint-Nicolas de Sarreguemines accueillera le samedi 24\u00a0janvier \u00e0 18\u00a0h, l\u2019Orchestre du Rhin et son ch\u0153ur de jeunes.&hellip;\n","protected":false},"author":2,"featured_media":641120,"comment_status":"","ping_status":"","sticky":false,"template":"","format":"standard","meta":{"footnotes":""},"categories":[2820],"tags":[1111,11,1687,6114,1777,674,1011,27,775,873,12,25,25411,25412,640],"class_list":{"0":"post-641119","1":"post","2":"type-post","3":"status-publish","4":"format-standard","5":"has-post-thumbnail","7":"category-strasbourg","8":"tag-actu","9":"tag-actualites","10":"tag-culture-loisirs","11":"tag-edition-sarreguemines-bitche","12":"tag-eu","13":"tag-europe","14":"tag-fr","15":"tag-france","16":"tag-grand-est","17":"tag-musique","18":"tag-news","19":"tag-republique-francaise","20":"tag-sarreguemines","21":"tag-sarreguemines-ville-57d","22":"tag-strasbourg"},"share_on_mastodon":{"url":"https:\/\/pubeurope.com\/@fr\/115838854353681418","error":""},"_links":{"self":[{"href":"https:\/\/www.europesays.com\/fr\/wp-json\/wp\/v2\/posts\/641119","targetHints":{"allow":["GET"]}}],"collection":[{"href":"https:\/\/www.europesays.com\/fr\/wp-json\/wp\/v2\/posts"}],"about":[{"href":"https:\/\/www.europesays.com\/fr\/wp-json\/wp\/v2\/types\/post"}],"author":[{"embeddable":true,"href":"https:\/\/www.europesays.com\/fr\/wp-json\/wp\/v2\/users\/2"}],"replies":[{"embeddable":true,"href":"https:\/\/www.europesays.com\/fr\/wp-json\/wp\/v2\/comments?post=641119"}],"version-history":[{"count":0,"href":"https:\/\/www.europesays.com\/fr\/wp-json\/wp\/v2\/posts\/641119\/revisions"}],"wp:featuredmedia":[{"embeddable":true,"href":"https:\/\/www.europesays.com\/fr\/wp-json\/wp\/v2\/media\/641120"}],"wp:attachment":[{"href":"https:\/\/www.europesays.com\/fr\/wp-json\/wp\/v2\/media?parent=641119"}],"wp:term":[{"taxonomy":"category","embeddable":true,"href":"https:\/\/www.europesays.com\/fr\/wp-json\/wp\/v2\/categories?post=641119"},{"taxonomy":"post_tag","embeddable":true,"href":"https:\/\/www.europesays.com\/fr\/wp-json\/wp\/v2\/tags?post=641119"}],"curies":[{"name":"wp","href":"https:\/\/api.w.org\/{rel}","templated":true}]}}