{"id":641123,"date":"2026-01-04T21:04:10","date_gmt":"2026-01-04T21:04:10","guid":{"rendered":"https:\/\/www.europesays.com\/fr\/641123\/"},"modified":"2026-01-04T21:04:10","modified_gmt":"2026-01-04T21:04:10","slug":"qui-est-lionel-prados-premier-candidat-declare-a-saint-jeannet","status":"publish","type":"post","link":"https:\/\/www.europesays.com\/fr\/641123\/","title":{"rendered":"qui est Lionel Prados, premier candidat d\u00e9clar\u00e9 \u00e0 Saint-Jeannet ?"},"content":{"rendered":"<p class=\"fs-5 \">Le premier candidat d\u00e9clar\u00e9 pour les prochaines \u00e9lections municipales \u00e0 Saint-Jeannet est donc Lionel Prados.<\/p>\n<p class=\"fs-5 \">L\u2019homme de 54 ans, g\u00e9rant d\u2019une entreprise d\u2019informatique, n\u2019est pas tout \u00e0 fait novice en politique.<\/p>\n<p class=\"fs-5 \">Il a \u00e9t\u00e9 EELV (Europe \u00c9cologie-Les Verts) avant de prendre sa carte au FN en 2014 \u00ab parce que c\u2019\u00e9tait le seul parti pour qui l\u2019immigration n\u2019\u00e9tait pas un tabou \u00bb.<\/p>\n<p class=\"fs-5 \">Mais \u00ab \u00e7a a tourn\u00e9 au vinaigre au bout d\u2019un peu plus d\u2019un an et j\u2019ai \u00e9t\u00e9 exclu parce qu\u2019on me voyait comme une menace au niveau local. Finalement, je n\u2019ai pas accroch\u00e9 ; humainement, \u00e7a ne m\u2019a pas plu. \u00bb<\/p>\n<p class=\"fs-5 \">Ce qui le d\u00e9range, c\u2019est cette \u00e9tiquette alors qu\u2019il se d\u00e9finit \u00ab avant tout comme un esprit plus libre que ce que la presse a pu dire \u00bb.<\/p>\n<p class=\"fs-5 \">En 2014, il a \u00e9t\u00e9 \u00e9lu dans l\u2019opposition \u00e0 la mairie de Saint-Laurent-du-Var mais a rejoint la majorit\u00e9 de Joseph Segura en 2017 apr\u00e8s avoir pris ses distances avec le parti lep\u00e9niste.<\/p>\n<p>                                                                                Une liste apolitique<\/p>\n<p class=\"fs-5 \">Habitant Saint-Jeannet \u00ab depuis une dizaine d\u2019ann\u00e9es \u00bb, il s\u2019est pr\u00e9sent\u00e9 sur la liste de Serge Bottin en 2020 mais n\u2019a pas obtenu suffisamment de voix.<\/p>\n<p class=\"fs-5 \">\u00ab J\u2019ai particip\u00e9 pour le principe plus que pour \u00eatre \u00e9lu. Mais cette fois, je vaux m\u2019engager pleinement, sur une liste totalement apolitique. Je pr\u00f4ne le dialogue. J\u2019ai fond\u00e9 l\u2019association Vivre en d\u00e9mocratie pour que les citoyens \u00e9changent et s\u2019impliquent davantage et on peut le faire m\u00eame sans \u00eatre \u00e9lu. Toutes les bonnes volont\u00e9s peuvent me rejoindre. Saint-Jeannet a un r\u00f4le \u00e0 jouer car on peut faire \u00e9voluer la perception de certaines th\u00e9matiques \u00e0 l\u2019\u00e9chelle du d\u00e9partement. Il ne faut pas que les habitants h\u00e9sitent \u00e0 retourner aux urnes en mars, m\u00eame s\u2019ils y sont d\u00e9j\u00e0 all\u00e9s il y a un an et demi [des \u00e9lections municipales partielles ont eu lien en octobre 2024 suite \u00e0 une s\u00e9rie de d\u00e9missions au conseil municipal]. \u00bb<\/p>\n<p class=\"fs-5 \">Contact : <a href=\"http:\/\/saintjeannet.municipales2026@gmail.com\" target=\"_blank\" rel=\"nofollow noopener\">saintjeannet.municipales2026@gmail.com<\/a><\/p>\n","protected":false},"excerpt":{"rendered":"Le premier candidat d\u00e9clar\u00e9 pour les prochaines \u00e9lections municipales \u00e0 Saint-Jeannet est donc Lionel Prados. L\u2019homme de 54&hellip;\n","protected":false},"author":2,"featured_media":641124,"comment_status":"","ping_status":"","sticky":false,"template":"","format":"standard","meta":{"footnotes":""},"categories":[2819],"tags":[1111,11,1777,674,1011,27,3434,12,2401,882,25],"class_list":{"0":"post-641123","1":"post","2":"type-post","3":"status-publish","4":"format-standard","5":"has-post-thumbnail","7":"category-nice","8":"tag-actu","9":"tag-actualites","10":"tag-eu","11":"tag-europe","12":"tag-fr","13":"tag-france","14":"tag-municipales-2026","15":"tag-news","16":"tag-nice","17":"tag-provence-alpes-cote-dazur","18":"tag-republique-francaise"},"share_on_mastodon":{"url":"https:\/\/pubeurope.com\/@fr\/115838862191253989","error":""},"_links":{"self":[{"href":"https:\/\/www.europesays.com\/fr\/wp-json\/wp\/v2\/posts\/641123","targetHints":{"allow":["GET"]}}],"collection":[{"href":"https:\/\/www.europesays.com\/fr\/wp-json\/wp\/v2\/posts"}],"about":[{"href":"https:\/\/www.europesays.com\/fr\/wp-json\/wp\/v2\/types\/post"}],"author":[{"embeddable":true,"href":"https:\/\/www.europesays.com\/fr\/wp-json\/wp\/v2\/users\/2"}],"replies":[{"embeddable":true,"href":"https:\/\/www.europesays.com\/fr\/wp-json\/wp\/v2\/comments?post=641123"}],"version-history":[{"count":0,"href":"https:\/\/www.europesays.com\/fr\/wp-json\/wp\/v2\/posts\/641123\/revisions"}],"wp:featuredmedia":[{"embeddable":true,"href":"https:\/\/www.europesays.com\/fr\/wp-json\/wp\/v2\/media\/641124"}],"wp:attachment":[{"href":"https:\/\/www.europesays.com\/fr\/wp-json\/wp\/v2\/media?parent=641123"}],"wp:term":[{"taxonomy":"category","embeddable":true,"href":"https:\/\/www.europesays.com\/fr\/wp-json\/wp\/v2\/categories?post=641123"},{"taxonomy":"post_tag","embeddable":true,"href":"https:\/\/www.europesays.com\/fr\/wp-json\/wp\/v2\/tags?post=641123"}],"curies":[{"name":"wp","href":"https:\/\/api.w.org\/{rel}","templated":true}]}}