{"id":641125,"date":"2026-01-04T21:05:19","date_gmt":"2026-01-04T21:05:19","guid":{"rendered":"https:\/\/www.europesays.com\/fr\/641125\/"},"modified":"2026-01-04T21:05:19","modified_gmt":"2026-01-04T21:05:19","slug":"alpes-maritimes-une-semaine-de-froid-sinstalle-sur-nice-et-la-cote-dazur","status":"publish","type":"post","link":"https:\/\/www.europesays.com\/fr\/641125\/","title":{"rendered":"Alpes-Maritimes: une semaine de froid s&rsquo;installe sur Nice et la C\u00f4te d&rsquo;Azur"},"content":{"rendered":"<p>Le froid va d\u00e9barquer jusqu&rsquo;en bord de mer dans es Alpes-Maritimes. D\u00e8s ce lundi 5 janvier et jusqu&rsquo;au vendredi 9 janvier 2026, <strong>les temp\u00e9ratures ne vont pas d\u00e9passer 9\u00b0C \u00e0 Nice<\/strong> selon les pr\u00e9visions. Un temps frais durable avec des minimales qui descendront \u00e0 3\u00b0C. Le temps devrait toutefois rester sec sur la capitale azur\u00e9enne. Le m\u00eame constat de froid se fera ressentir autour de Cannes et Menton.\u00a0<\/p>\n<p>Des temp\u00e9ratures n\u00e9gatives la nuit<\/p>\n<p>Gare aux surprises d\u00e8s que l&rsquo;on se recule. Pas plus de <strong>8 degr\u00e9s<\/strong> \u00e0 <strong>Falicon<\/strong>, <strong>La Turbie<\/strong> et <strong>Auribeau-sur-Siagne<\/strong>. Pas plus de <strong>5 degr\u00e9s<\/strong> \u00e0 <strong>Vence<\/strong> et <strong>Mouans-Sartoux<\/strong>. Les temp\u00e9ratures seront <strong>n\u00e9gatives la nuit<\/strong> dans les communes de <strong>Levens, Gilette, Villars-sur-Var<\/strong> jusqu&rsquo;au 9 janvier. Il faudra <strong>ressortir le gratte-givre<\/strong> et faire attention aux plaques de verglas dans l&rsquo;arri\u00e8re-pays.\u00a0<\/p>\n<p>Grand froid en montagne<\/p>\n<p>C&rsquo;est en altitude que le mercure va piquer le plus fort: 3 degr\u00e9s au maximum \u00e0 Tende cette semaine. Entre -5\u00b0C et +2\u00b0C au maximum \u00e0 Rimplas. Enfin dans les stations de ski, ce sera glacial: Il fera entre -1 et -10\u00b0C \u00e0 Valberg et m\u00eame entre -7 et -15\u00b0C \u00e0 Auron.\u00a0<\/p>\n<p>Les normales de saison de retour le 12 janvier<\/p>\n<p>Les temp\u00e9ratures vont se radoucir par la suite, sur l&rsquo;ensemble des Alpes-Maritimes avec un retour dans les moyennes de saison le lundi 12 janvier.\u00a0<\/p>\n","protected":false},"excerpt":{"rendered":"Le froid va d\u00e9barquer jusqu&rsquo;en bord de mer dans es Alpes-Maritimes. D\u00e8s ce lundi 5 janvier et jusqu&rsquo;au&hellip;\n","protected":false},"author":2,"featured_media":641126,"comment_status":"","ping_status":"","sticky":false,"template":"","format":"standard","meta":{"footnotes":""},"categories":[2819],"tags":[1111,11,1777,674,1011,27,12,2401,882,25],"class_list":{"0":"post-641125","1":"post","2":"type-post","3":"status-publish","4":"format-standard","5":"has-post-thumbnail","7":"category-nice","8":"tag-actu","9":"tag-actualites","10":"tag-eu","11":"tag-europe","12":"tag-fr","13":"tag-france","14":"tag-news","15":"tag-nice","16":"tag-provence-alpes-cote-dazur","17":"tag-republique-francaise"},"share_on_mastodon":{"url":"https:\/\/pubeurope.com\/@fr\/115838866073228575","error":""},"_links":{"self":[{"href":"https:\/\/www.europesays.com\/fr\/wp-json\/wp\/v2\/posts\/641125","targetHints":{"allow":["GET"]}}],"collection":[{"href":"https:\/\/www.europesays.com\/fr\/wp-json\/wp\/v2\/posts"}],"about":[{"href":"https:\/\/www.europesays.com\/fr\/wp-json\/wp\/v2\/types\/post"}],"author":[{"embeddable":true,"href":"https:\/\/www.europesays.com\/fr\/wp-json\/wp\/v2\/users\/2"}],"replies":[{"embeddable":true,"href":"https:\/\/www.europesays.com\/fr\/wp-json\/wp\/v2\/comments?post=641125"}],"version-history":[{"count":0,"href":"https:\/\/www.europesays.com\/fr\/wp-json\/wp\/v2\/posts\/641125\/revisions"}],"wp:featuredmedia":[{"embeddable":true,"href":"https:\/\/www.europesays.com\/fr\/wp-json\/wp\/v2\/media\/641126"}],"wp:attachment":[{"href":"https:\/\/www.europesays.com\/fr\/wp-json\/wp\/v2\/media?parent=641125"}],"wp:term":[{"taxonomy":"category","embeddable":true,"href":"https:\/\/www.europesays.com\/fr\/wp-json\/wp\/v2\/categories?post=641125"},{"taxonomy":"post_tag","embeddable":true,"href":"https:\/\/www.europesays.com\/fr\/wp-json\/wp\/v2\/tags?post=641125"}],"curies":[{"name":"wp","href":"https:\/\/api.w.org\/{rel}","templated":true}]}}