{"id":641129,"date":"2026-01-04T21:08:10","date_gmt":"2026-01-04T21:08:10","guid":{"rendered":"https:\/\/www.europesays.com\/fr\/641129\/"},"modified":"2026-01-04T21:08:10","modified_gmt":"2026-01-04T21:08:10","slug":"a-bordeaux-un-incendie-fait-dimportants-degats-dans-une-echoppe","status":"publish","type":"post","link":"https:\/\/www.europesays.com\/fr\/641129\/","title":{"rendered":"\u00c0 Bordeaux, un incendie fait d\u2019importants d\u00e9g\u00e2ts dans une \u00e9choppe"},"content":{"rendered":"<p>Le sinistre, li\u00e9 \u00e0 un dysfonctionnement \u00e9lectrique, a fait d\u2019importants d\u00e9g\u00e2ts dans une maison de la rue de Deyme, dans le quartier de la Bastide, \u00e0 Bordeaux, ce dimanche 4\u00a0janvier, vers midi. On ne d\u00e9plore pas de victime<\/p>\n<p>Un incendie a fait d\u2019importants d\u00e9g\u00e2ts dans une \u00e9choppe de la rue de Deyme, dans le quartier de la Bastide, \u00e0 Bordeaux, ce dimanche 4\u00a0janvier. L\u2019alerte a \u00e9t\u00e9 donn\u00e9e vers midi.<\/p>\n","protected":false},"excerpt":{"rendered":"Le sinistre, li\u00e9 \u00e0 un dysfonctionnement \u00e9lectrique, a fait d\u2019importants d\u00e9g\u00e2ts dans une maison de la rue de&hellip;\n","protected":false},"author":2,"featured_media":641130,"comment_status":"","ping_status":"","sticky":false,"template":"","format":"standard","meta":{"footnotes":""},"categories":[2817],"tags":[1111,11,1997,1777,674,1011,27,12,2219,25],"class_list":{"0":"post-641129","1":"post","2":"type-post","3":"status-publish","4":"format-standard","5":"has-post-thumbnail","7":"category-bordeaux","8":"tag-actu","9":"tag-actualites","10":"tag-bordeaux","11":"tag-eu","12":"tag-europe","13":"tag-fr","14":"tag-france","15":"tag-news","16":"tag-nouvelle-aquitaine","17":"tag-republique-francaise"},"share_on_mastodon":{"url":"https:\/\/pubeurope.com\/@fr\/115838878005152542","error":""},"_links":{"self":[{"href":"https:\/\/www.europesays.com\/fr\/wp-json\/wp\/v2\/posts\/641129","targetHints":{"allow":["GET"]}}],"collection":[{"href":"https:\/\/www.europesays.com\/fr\/wp-json\/wp\/v2\/posts"}],"about":[{"href":"https:\/\/www.europesays.com\/fr\/wp-json\/wp\/v2\/types\/post"}],"author":[{"embeddable":true,"href":"https:\/\/www.europesays.com\/fr\/wp-json\/wp\/v2\/users\/2"}],"replies":[{"embeddable":true,"href":"https:\/\/www.europesays.com\/fr\/wp-json\/wp\/v2\/comments?post=641129"}],"version-history":[{"count":0,"href":"https:\/\/www.europesays.com\/fr\/wp-json\/wp\/v2\/posts\/641129\/revisions"}],"wp:featuredmedia":[{"embeddable":true,"href":"https:\/\/www.europesays.com\/fr\/wp-json\/wp\/v2\/media\/641130"}],"wp:attachment":[{"href":"https:\/\/www.europesays.com\/fr\/wp-json\/wp\/v2\/media?parent=641129"}],"wp:term":[{"taxonomy":"category","embeddable":true,"href":"https:\/\/www.europesays.com\/fr\/wp-json\/wp\/v2\/categories?post=641129"},{"taxonomy":"post_tag","embeddable":true,"href":"https:\/\/www.europesays.com\/fr\/wp-json\/wp\/v2\/tags?post=641129"}],"curies":[{"name":"wp","href":"https:\/\/api.w.org\/{rel}","templated":true}]}}