{"id":641131,"date":"2026-01-04T21:09:14","date_gmt":"2026-01-04T21:09:14","guid":{"rendered":"https:\/\/www.europesays.com\/fr\/641131\/"},"modified":"2026-01-04T21:09:14","modified_gmt":"2026-01-04T21:09:14","slug":"a-bordeaux-un-bout-de-nuit-glacial-avec-les-gens-de-la-rue","status":"publish","type":"post","link":"https:\/\/www.europesays.com\/fr\/641131\/","title":{"rendered":"\u00e0 Bordeaux, un bout de nuit glacial avec les gens de la rue"},"content":{"rendered":"<p>Le samedi soir, des maraudes bien rod\u00e9es, en lien avec le 115, permettent aux plus pr\u00e9caires de b\u00e9n\u00e9ficier d\u2019un peu de r\u00e9confort. Suivre celle de l\u2019Ordre de Malte, c\u2019est se pr\u00e9senter au-devant d\u2019un autre \u00ab\u00a0monde\u00a0\u00bb, comme dirait Agn\u00e8s, l\u2019une des b\u00e9n\u00e9voles de cette association catholique. Les habitu\u00e9s de \u00ab\u00a0la rue\u00a0\u00bb la connaissent bien\u00a0: \u00e0 Saint-Nicolas, elle fournit un centre de soins, des douches, un coin pour se poser. Chaque samedi soir et dimanche matin, de novembre \u00e0 fin avril, ses b\u00e9n\u00e9voles parcourent le centre-ville pour aller \u00e0 la rencontre des plus d\u00e9munis. Elle en croise entre 60 et 120 par maraude.<\/p>\n<p>        <img decoding=\"async\" id=\"27283768\" src=\"https:\/\/www.europesays.com\/fr\/wp-content\/uploads\/2026\/01\/img-20260104-093941.jpg\" alt=\"Place de la Victoire, au tout d\u00e9but de la rue Sainte-Catherine, lors de la premi\u00e8re halte et distribution de nourriture et de boissons chaudes.\" itemprop=\"contentURL\"\/><\/p>\n<p>    Place de la Victoire, au tout d\u00e9but de la rue Sainte-Catherine, lors de la premi\u00e8re halte et distribution de nourriture et de boissons chaudes.<\/p>\n<p>Jean-Charles Galiacy<\/p>\n<p>Ce samedi 3\u00a0janvier, Rudy, \u00e9tudiant \u00e0 Sciences Po de 21\u00a0ans, tire le chariot rempli de thermos de caf\u00e9, de sandwichs et de quelques douceurs qui seront propos\u00e9s aux plus pr\u00e9caires. Il y a Anne et Brigitte, la soixantaine, les plus aguerries du convoi, Pierre le petit nouveau de 67\u00a0ans et Agn\u00e8s, infirmi\u00e8re le reste du temps, qui veille au bon d\u00e9roulement de l\u2019\u00e9quip\u00e9e. \u00ab\u00a0L\u2019int\u00e9r\u00eat, c\u2019est la r\u00e9gularit\u00e9 des liens, explique Brigitte, b\u00e9n\u00e9vole depuis 2018. Dans la rue, les gens ne les voient pas. Nous, on leur offre un petit mot, un sourire et de quoi se r\u00e9chauffer. On n\u2019a pas \u00e0 conna\u00eetre pourquoi ils ont atterri l\u00e0, juste savoir ce qu\u2019on peut leur apporter.\u00a0\u00bb<\/p>\n<p>\u00ab\u00a0M\u00eame dans la mis\u00e8re, on se vole\u00a0\u00bb<\/p>\n<p>Place de la Victoire, parmi une bonne trentaine de b\u00e9n\u00e9ficiaires, S\u00e9bastien (1) touille les cro\u00fbtons de pain dans la soupe fumante qu\u2019on vient de lui offrir. Il est \u00e0 la rue depuis octobre dernier, suivi par une assistante sociale. Alors que le thermom\u00e8tre vient de basculer dans le n\u00e9gatif, il ne sollicitera pas le 115 pour obtenir un h\u00e9bergement d\u2019urgence. \u00ab\u00a0L\u00e0-bas, \u00e0 peine on part pisser qu\u2019on peut se faire tirer ses affaires. M\u00eame dans la mis\u00e8re, on se vole\u00a0\u00bb, soupire celui qui ne devrait pas vraiment dormir les prochaines heures et appr\u00e9cie d\u2019autant plus le passage de la maraude. \u00ab\u00a0Cela fait du bien. Sinon, les gens nous regardent de haut en bas alors qu\u2019un divorce, un boulot perdu et on se retrouve \u00e0 la rue. Cela peut arriver \u00e0 beaucoup de monde\u2026\u00a0\u00bb<\/p>\n<p>        <img decoding=\"async\" id=\"27283784\" src=\"https:\/\/www.europesays.com\/fr\/wp-content\/uploads\/2026\/01\/img-20260104-093811.jpg\" alt=\"Pierre, retrait\u00e9 de 67\u00a0ans, vient d\u2019int\u00e9grer il y a un mois la maraude de l\u2019Ordre de Malte\u00a0: \u00ab\u00a0C\u2019est facile d\u2019aimer ses parents, ses enfants, ses amis\u2026 Mais donner \u00e0 quelqu\u2019un qu\u2019on ne conna\u00eet pas, c\u2019est beaucoup plus difficile.\u00a0\u00bb\" itemprop=\"contentURL\"\/><\/p>\n<p>    Pierre, retrait\u00e9 de 67\u00a0ans, vient d\u2019int\u00e9grer il y a un mois la maraude de l\u2019Ordre de Malte\u00a0: \u00ab\u00a0C\u2019est facile d\u2019aimer ses parents, ses enfants, ses amis\u2026 Mais donner \u00e0 quelqu\u2019un qu\u2019on ne conna\u00eet pas, c\u2019est beaucoup plus difficile.\u00a0\u00bb<\/p>\n<p>Jean-Charles Galiacy<\/p>\n<p>En \u00ab\u00a0crocs\u00a0\u00bb par -2 degr\u00e9s, Agn\u00e8s fait la \u00ab\u00a0police\u00a0\u00bb, attentive \u00e0 \u00ab\u00a0la resquille\u00a0\u00bb, ceux qui essaient de passer devant tout le monde, d\u2019obtenir un second sandwich voire de qu\u00e9mander quelque chose sans faire partie des tr\u00e8s fragiles\u00a0: dans la rue Sainte-Catherine, exit donc ce couple d\u2019hommes, transportant un gros pack de bi\u00e8res et un sac de courses\u2026 L\u2019infirmi\u00e8re a int\u00e9gr\u00e9 l\u2019association en 2019, multipliant par la suite les maraudes en pleine crise sanitaire. \u00ab\u00a0Ce qui fait chaud au c\u0153ur, c\u2019est de conna\u00eetre des r\u00e9ussites, comme celle de cette famille avec enfants que nous avons servie durant des ann\u00e9es et qui est parvenue \u00e0 trouver une maison \u00e0 Cenon, glisse-t-elle. Ils sont venus une derni\u00e8re fois pour nous remercier et nous annoncer la nouvelle.\u00a0\u00bb<\/p>\n<p>        <img decoding=\"async\" id=\"27283792\" src=\"https:\/\/www.europesays.com\/fr\/wp-content\/uploads\/2026\/01\/img-20260103-190448.jpg\" alt=\"L\u2019\u00e9quipe de l\u2019Ordre de Malte d\u00e9p\u00each\u00e9e ce premier samedi soir de l\u2019ann\u00e9e, lors de la maraude\u00a0: Rudy, Brigitte, Anne, Pierre et Agn\u00e8s.\" itemprop=\"contentURL\"\/><\/p>\n<p>    L\u2019\u00e9quipe de l\u2019Ordre de Malte d\u00e9p\u00each\u00e9e ce premier samedi soir de l\u2019ann\u00e9e, lors de la maraude\u00a0: Rudy, Brigitte, Anne, Pierre et Agn\u00e8s.<\/p>\n<p>Jean-Charles Galiacy<\/p>\n<p>\u00c0 Bordeaux, plusieurs maraudes ciblent les d\u00e9favoris\u00e9s. Il y en a m\u00eame une, de l\u2019association Croquette et Macadam, d\u00e9di\u00e9e plus particuli\u00e8rement aux animaux. Le camion de<a href=\"https:\/\/www.sudouest.fr\/gironde\/merignac\/je-ne-peux-plus-stocker-en-gironde-une-association-d-aide-aux-plus-demunis-recherche-un-local-23074932.php\" target=\"_blank\" rel=\"follow noopener\"> l\u2019association m\u00e9rignacaise Imagine Demain<\/a> investit aussi le centre-ville chaque samedi soir, jusque tard dans la nuit, rempli de boissons chaudes ou viennoiseries. D\u2019autres viennent de se lancer. Il y a notamment ce groupe de copines et copains, cit\u00e9 plus haut et <a href=\"https:\/\/www.sudouest.fr\/gironde\/bordeaux\/bordeaux-bordophonia-un-nouveau-media-culturel-ne-pendant-le-premier-confinement-1626000.php\" target=\"_blank\" rel=\"follow noopener\">gravitant autour du m\u00e9dia Bordophonia<\/a>, ayant sollicit\u00e9 les restaurateurs. Fleur, Emma, Lucie ou M\u00e9lody se sont lanc\u00e9es ce samedi soir avec des repas concoct\u00e9s par le chef de l\u2019Atelier des faures. \u00ab\u00a0Cela m\u2019a toujours touch\u00e9 de voir des gens \u00e0 la rue mais l\u00e0, arriv\u00e9e \u00e0 la quarantaine, j\u2019ai eu envie de m\u2019engager\u00a0\u00bb, livre M\u00e9lody. Un appel aux restaurateurs (2) est lanc\u00e9 pour les prochaines maraudes. Samedi soir, les b\u00e9n\u00e9voles de l\u2019Ordre de Malte, quant \u00e0 eux, sont venus en aide \u00e0 pr\u00e8s de 60 \u00ab\u00a0b\u00e9n\u00e9ficiaires.\u00a0\u00bb<\/p>\n<p>(1) Le pr\u00e9nom a \u00e9t\u00e9 modifi\u00e9.<\/p>\n","protected":false},"excerpt":{"rendered":"Le samedi soir, des maraudes bien rod\u00e9es, en lien avec le 115, permettent aux plus pr\u00e9caires de b\u00e9n\u00e9ficier&hellip;\n","protected":false},"author":2,"featured_media":641132,"comment_status":"","ping_status":"","sticky":false,"template":"","format":"standard","meta":{"footnotes":""},"categories":[2817],"tags":[1111,11,1997,1777,674,1011,27,12,2219,25],"class_list":{"0":"post-641131","1":"post","2":"type-post","3":"status-publish","4":"format-standard","5":"has-post-thumbnail","7":"category-bordeaux","8":"tag-actu","9":"tag-actualites","10":"tag-bordeaux","11":"tag-eu","12":"tag-europe","13":"tag-fr","14":"tag-france","15":"tag-news","16":"tag-nouvelle-aquitaine","17":"tag-republique-francaise"},"share_on_mastodon":{"url":"https:\/\/pubeurope.com\/@fr\/115838882751790366","error":""},"_links":{"self":[{"href":"https:\/\/www.europesays.com\/fr\/wp-json\/wp\/v2\/posts\/641131","targetHints":{"allow":["GET"]}}],"collection":[{"href":"https:\/\/www.europesays.com\/fr\/wp-json\/wp\/v2\/posts"}],"about":[{"href":"https:\/\/www.europesays.com\/fr\/wp-json\/wp\/v2\/types\/post"}],"author":[{"embeddable":true,"href":"https:\/\/www.europesays.com\/fr\/wp-json\/wp\/v2\/users\/2"}],"replies":[{"embeddable":true,"href":"https:\/\/www.europesays.com\/fr\/wp-json\/wp\/v2\/comments?post=641131"}],"version-history":[{"count":0,"href":"https:\/\/www.europesays.com\/fr\/wp-json\/wp\/v2\/posts\/641131\/revisions"}],"wp:featuredmedia":[{"embeddable":true,"href":"https:\/\/www.europesays.com\/fr\/wp-json\/wp\/v2\/media\/641132"}],"wp:attachment":[{"href":"https:\/\/www.europesays.com\/fr\/wp-json\/wp\/v2\/media?parent=641131"}],"wp:term":[{"taxonomy":"category","embeddable":true,"href":"https:\/\/www.europesays.com\/fr\/wp-json\/wp\/v2\/categories?post=641131"},{"taxonomy":"post_tag","embeddable":true,"href":"https:\/\/www.europesays.com\/fr\/wp-json\/wp\/v2\/tags?post=641131"}],"curies":[{"name":"wp","href":"https:\/\/api.w.org\/{rel}","templated":true}]}}