{"id":641137,"date":"2026-01-04T21:13:35","date_gmt":"2026-01-04T21:13:35","guid":{"rendered":"https:\/\/www.europesays.com\/fr\/641137\/"},"modified":"2026-01-04T21:13:35","modified_gmt":"2026-01-04T21:13:35","slug":"genesio-boycotte-la-presse-apres-la-defaite-contre-rennes","status":"publish","type":"post","link":"https:\/\/www.europesays.com\/fr\/641137\/","title":{"rendered":"Genesio boycotte la presse apr\u00e8s la d\u00e9faite contre Rennes"},"content":{"rendered":"<p>\n    Visiblement ulc\u00e9r\u00e9 par l\u2019arbitrage, l\u2019entra\u00eeneur de Lille Bruno Genesio ne s\u2019est pas pr\u00e9sent\u00e9 en conf\u00e9rence de presse apr\u00e8s la d\u00e9faite du club nordiste \u00e0 domicile contre Rennes (2-0) samedi lors de la 17e journ\u00e9e de Ligue 1.<\/p>\n<p class=\"fig-paragraph\">Dans la foul\u00e9e<a href=\"http:\/\/www.lefigaro.fr\/sports\/football\/ligue-1\/ligue-1-c-est-une-honte-c-est-un-scandale-le-nouveau-coup-de-sang-d-olivier-letang-envers-l-arbitrage-20260103\" data-fig-type=\"NewsFlash\" data-gtm-custom-categorie=\"navigation\" data-gtm-custom-action=\"crossclick\" data-gtm-custom-label=\"Contextuel\" data-gtm-event=\"customEventSPE\" data-fig-domain=\"LEFIGARO\" target=\"_blank\" rel=\"noopener\">\u00a0d&rsquo;une rencontre \u00e9lectrique<\/a>, qui s&rsquo;est jou\u00e9e lorsque l&rsquo;arbitre Eric Wattellier<a href=\"http:\/\/www.lefigaro.fr\/sports\/football\/ligue-1\/ligue-1-rapidement-reduit-a-dix-le-losc-de-giroud-s-incline-face-a-rennes-et-lache-de-precieux-points-20260103\" data-fig-type=\"NewsFlash\" data-gtm-custom-categorie=\"navigation\" data-gtm-custom-action=\"crossclick\" data-gtm-custom-label=\"Contextuel\" data-gtm-event=\"customEventSPE\" data-fig-domain=\"LEFIGARO\" target=\"_blank\" rel=\"noopener\">\u00a0a exclu Alexsandro (13e),<\/a>\u00a0le Losc a annonc\u00e9 \u00e0 l&rsquo;ensemble des m\u00e9dias pr\u00e9sents en zone mixte que Bruno Genesio ne viendrait pas lors de la traditionnelle prise de parole qui suit tous les matchs de championnat, invoquant les \u00abraisons personnelles\u00bb de l&rsquo;entra\u00eeneur. \u00c0 la mi-temps, le Lyonnais avait d\u00fb \u00eatre retenu par plusieurs joueurs alors qu&rsquo;il s&rsquo;avan\u00e7ait vers M. Wattellier. Dans la foul\u00e9e, le pr\u00e9sident du club\u00a0<a href=\"http:\/\/www.lefigaro.fr\/sports\/football\/ligue-1\/ligue-1-c-est-une-honte-c-est-un-scandale-le-nouveau-coup-de-sang-d-olivier-letang-envers-l-arbitrage-20260103\" data-fig-type=\"NewsFlash\" data-gtm-custom-categorie=\"navigation\" data-gtm-custom-action=\"crossclick\" data-gtm-custom-label=\"Contextuel\" data-gtm-event=\"customEventSPE\" data-fig-domain=\"LEFIGARO\" target=\"_blank\" rel=\"noopener\">Olivier L\u00e9tang\u00a0<\/a>avait interpell\u00e9 l&rsquo;arbitre: \u00abVous savez ce que vous avez fait, c&rsquo;est une honte, un scandale.\u00bb Une \u00e9ni\u00e8me invective contre l&rsquo;arbitrage qui n&rsquo;am\u00e9liorera pas son image aupr\u00e8s des instances dirigeantes du football. Mais cette fois, Olivier L\u00e9tang n&rsquo;est pas venu en zone mixte \u00e0 la fin du match, contrairement \u00e0 Nabil Bentaleb, seul joueur missionn\u00e9 par le club.<\/p>\n<blockquote class=\"fig-quote&#10;    \">\n<p class=\"fig-quote__text\">Un peu \u00e0 son habitude, le pr\u00e9sident (Olivier L\u00e9tang, NDLR), a tent\u00e9 de cr\u00e9er un contexte. \u00c7a ne devrait plus jamais arriver aujourd\u2019hui en football.<\/p>\n<p>            Habib Beye\n    <\/p><\/blockquote>\n<p class=\"fig-paragraph\">Habib Beye, l&rsquo;entra\u00eeneur du Stade rennais, a regrett\u00e9 le climat tendu instaur\u00e9 par les dirigeants du Losc: \u00abJe pense qu&rsquo;on est rest\u00e9 calmes dans un contexte qui \u00e9tait un petit peu \u00e9lectrique. (&#8230;) Un peu \u00e0 son habitude, le pr\u00e9sident (Olivier L\u00e9tang, NDLR), a tent\u00e9 de cr\u00e9er un contexte. \u00c7a ne devrait plus jamais arriver aujourd&rsquo;hui en football. (&#8230;) Il faut aider les acteurs du jeu, qu&rsquo;ils soient footballeurs ou arbitres, et que ce type de pression qu&rsquo;on peut avoir \u00e0 la mi-temps d\u00e9stabilise tout un contexte.\u00bb En tribune \u00e9galement, la rencontre fut tr\u00e8s tendue. Sanctionn\u00e9s par la Ligue de football professionnel (LFP) pour usage d&rsquo;engins pyrotechniques contre Marseille, les DVE, principal groupe d&rsquo;ultras du club nordiste, s&rsquo;\u00e9taient expatri\u00e9s juste \u00e0 c\u00f4t\u00e9 de la tribune de presse.<\/p>\n<p>                                            <a class=\"fig-a11y-skip\" href=\"#fig-a11y-skip-main-inarticle\" data-module=\"a11y-skip\" data-context=\"was @visible\"><br \/>\n    Passer la publicit\u00e9<br \/>\n<\/a>            <\/p>\n<p class=\"fig-paragraph\">Tout au long de la rencontre, ils ont entonn\u00e9 des chants haineux, parfois homophobes, envers le corps arbitral, leurs rivaux lensois, certains joueurs rennais mais aussi les journalistes. Malgr\u00e9 plusieurs demandes des journalistes, aucun dirigeant lillois n&rsquo;a souhait\u00e9 s&rsquo;exprimer \u00e0 ce sujet apr\u00e8s la rencontre.<\/p>\n","protected":false},"excerpt":{"rendered":"Visiblement ulc\u00e9r\u00e9 par l\u2019arbitrage, l\u2019entra\u00eeneur de Lille Bruno Genesio ne s\u2019est pas pr\u00e9sent\u00e9 en conf\u00e9rence de presse apr\u00e8s&hellip;\n","protected":false},"author":2,"featured_media":641138,"comment_status":"","ping_status":"","sticky":false,"template":"","format":"standard","meta":{"footnotes":""},"categories":[2815],"tags":[1111,11,8095,1777,674,1011,27,811,1307,2267,12,25],"class_list":{"0":"post-641137","1":"post","2":"type-post","3":"status-publish","4":"format-standard","5":"has-post-thumbnail","7":"category-lille","8":"tag-actu","9":"tag-actualites","10":"tag-bruno-genesio","11":"tag-eu","12":"tag-europe","13":"tag-fr","14":"tag-france","15":"tag-hauts-de-france","16":"tag-lille","17":"tag-losc","18":"tag-news","19":"tag-republique-francaise"},"share_on_mastodon":{"url":"https:\/\/pubeurope.com\/@fr\/115838897554867716","error":""},"_links":{"self":[{"href":"https:\/\/www.europesays.com\/fr\/wp-json\/wp\/v2\/posts\/641137","targetHints":{"allow":["GET"]}}],"collection":[{"href":"https:\/\/www.europesays.com\/fr\/wp-json\/wp\/v2\/posts"}],"about":[{"href":"https:\/\/www.europesays.com\/fr\/wp-json\/wp\/v2\/types\/post"}],"author":[{"embeddable":true,"href":"https:\/\/www.europesays.com\/fr\/wp-json\/wp\/v2\/users\/2"}],"replies":[{"embeddable":true,"href":"https:\/\/www.europesays.com\/fr\/wp-json\/wp\/v2\/comments?post=641137"}],"version-history":[{"count":0,"href":"https:\/\/www.europesays.com\/fr\/wp-json\/wp\/v2\/posts\/641137\/revisions"}],"wp:featuredmedia":[{"embeddable":true,"href":"https:\/\/www.europesays.com\/fr\/wp-json\/wp\/v2\/media\/641138"}],"wp:attachment":[{"href":"https:\/\/www.europesays.com\/fr\/wp-json\/wp\/v2\/media?parent=641137"}],"wp:term":[{"taxonomy":"category","embeddable":true,"href":"https:\/\/www.europesays.com\/fr\/wp-json\/wp\/v2\/categories?post=641137"},{"taxonomy":"post_tag","embeddable":true,"href":"https:\/\/www.europesays.com\/fr\/wp-json\/wp\/v2\/tags?post=641137"}],"curies":[{"name":"wp","href":"https:\/\/api.w.org\/{rel}","templated":true}]}}