{"id":641139,"date":"2026-01-04T21:15:10","date_gmt":"2026-01-04T21:15:10","guid":{"rendered":"https:\/\/www.europesays.com\/fr\/641139\/"},"modified":"2026-01-04T21:15:10","modified_gmt":"2026-01-04T21:15:10","slug":"marseille-previsions-meteo-du-dimanche-04-janvier-2026","status":"publish","type":"post","link":"https:\/\/www.europesays.com\/fr\/641139\/","title":{"rendered":"Marseille : pr\u00e9visions m\u00e9t\u00e9o du dimanche 04 janvier 2026"},"content":{"rendered":"<p>\u00c0 Marseille, la journ\u00e9e du dimanche 04 janvier 2026 sera fra\u00eeche avec un ciel allant de l\u00e9g\u00e8rement nuageux le matin \u00e0 tr\u00e8s nuageux en soir\u00e9e, sans risque de pluie et des vents mod\u00e9r\u00e9s. Les temp\u00e9ratures \u00e9volueront entre 1 \u00b0C le matin et 9 \u00b0C l\u2019apr\u00e8s-midi.<\/p>\n<p>    Alerte en cours<\/p>\n<p>Ce dimanche 4 janvier 2026, le d\u00e9partement des Bouches-du-Rh\u00f4ne demeure plac\u00e9 en vigilance <b>Jaune grand froid<\/b>. Les temp\u00e9ratures minimales avoisinent <b>1 \u00b0C<\/b>, avec un ressenti de <b>-4 \u00b0C<\/b> sous l\u2019effet de la bise de Nord-Ouest, ce qui peut affecter les personnes les plus fragiles.<\/p>\n<p>Les autorit\u00e9s recommandent d\u2019a\u00e9rer les logements sans les refroidir, de limiter les activit\u00e9s ext\u00e9rieures prolong\u00e9es et de porter une attention particuli\u00e8re aux personnes isol\u00e9es. Pour suivre l\u2019\u00e9volution de la situation, consultez notre <a href=\"https:\/\/www.meteocity.com\/france\/alertes\" target=\"_blank\" rel=\"noopener\">page d\u00e9di\u00e9e aux alertes m\u00e9t\u00e9orologiques<\/a>.<\/p>\n<ul>\n<li>S\u2019habiller en couches chaudes et isolantes.<\/li>\n<li>Limiter les efforts prolong\u00e9s en ext\u00e9rieur.<\/li>\n<li>Surveiller nourrissons, personnes \u00e2g\u00e9es, sans-abri.<\/li>\n<li>A\u00e9rer bri\u00e8vement pour renouveler l\u2019air int\u00e9rieur.<\/li>\n<\/ul>\n<p>Matin : premi\u00e8re lumi\u00e8re sur Marseille<\/p>\n<p>\u00c0 08\u200910, le soleil appara\u00eetra au-dessus de Notre-Dame-de-la-Garde, sous un ciel l\u00e9g\u00e8rement nuageux ponctu\u00e9 de belles \u00e9claircies.<\/p>\n<p>Le thermom\u00e8tre affichera seulement <b>1 \u00b0C<\/b>, tandis que le ressenti chutera \u00e0 <b>-4 \u00b0C<\/b> en raison d\u2019un flux Nord-Ouest soufflant \u00e0 <b>16 km\/h<\/b>. L\u2019humidit\u00e9, mod\u00e9r\u00e9e \u00e0 60 %, limitera la formation de givre.<\/p>\n<p>Bonne nouvelle : aucune pluie n\u2019est attendue. Toutefois, le froid sec pourra surprendre joggeurs et deux-roues ; gants et v\u00eatements chauds restent indispensables.<\/p>\n<p>Apr\u00e8s-midi : m\u00e9t\u00e9o Marseille sous un plein soleil frais<\/p>\n<p>Aux alentours de 15\u2009h, Marseille b\u00e9n\u00e9ficiera d\u2019un ciel d\u00e9gag\u00e9. Le mistral faiblira l\u00e9g\u00e8rement \u00e0 <b>13 km\/h<\/b>, tout en conservant son orientation Nord-Ouest.<\/p>\n<p>La temp\u00e9rature atteindra <b>9 \u00b0C<\/b>, avec un ressenti de <b>5 \u00b0C<\/b>. Ce niveau demeure 2 \u00e0 3 \u00b0C en de\u00e7\u00e0 des normales saisonni\u00e8res, soulignant la fra\u00eecheur persistante.<\/p>\n<p>Aucune pluie n\u2019est pr\u00e9vue ; l\u2019humidit\u00e9 baissera \u00e0 50 %. Les conditions seront id\u00e9ales pour une balade sur le Vieux-Port ou une courte randonn\u00e9e vers les calanques.<\/p>\n<p>Soir : nuages apr\u00e8s le coucher du soleil<\/p>\n<p>Le soleil se couchera \u00e0 17\u200915, illuminant le littoral avant que la couverture tr\u00e8s nuageuse ne s\u2019installe.<\/p>\n<p>La temp\u00e9rature redescendra \u00e0 <b>7 \u00b0C<\/b>, ressentie <b>4 \u00b0C<\/b>, tandis que le vent passera Nord-Nord-Est et tombera \u00e0 7 km\/h. L\u2019ambiance restera s\u00e8che, avec une humidit\u00e9 de 50 %.<\/p>\n<p>Aucun \u00e9pisode pluvieux n\u2019est attendu, mais la n\u00e9bulosit\u00e9 limitera l\u2019irradiation nocturne : une relative douceur pour la saison persistera, agr\u00e9able aux terrasses abrit\u00e9es.<\/p>\n<p>Tendance g\u00e9n\u00e9rale pour le lundi 5 janvier<\/p>\n<p>La nuit prochaine s\u2019annonce claire et froide. \u00c0 00\u2009h, la temp\u00e9rature attendue est de <b>-1 \u00b0C<\/b>, ressentie <b>-5 \u00b0C<\/b>, sous un vent de Nord \u00e0 11 km\/h.<\/p>\n<p>En journ\u00e9e, le thermom\u00e8tre oscillera entre <b>-1 \u00b0C<\/b> et <b>7 \u00b0C<\/b>. De faibles averses \u00e9parses, de type bruine, pourraient se produire (probabilit\u00e9 1 %), sans accumulations significatives.<\/p>\n<p>Le vent de Nord-Ouest restera mod\u00e9r\u00e9 \u00e0 <b>17 km\/h<\/b>, accentuant la sensation de froid. La pression se maintiendra autour de 1000 hPa.<\/p>\n<p>Dans l\u2019ensemble, une ambiance de grand froid sec dominera. Pour organiser vos d\u00e9placements, consultez la mise \u00e0 jour de notre bulletin complet <a href=\"https:\/\/www.meteocity.com\/france\/marseille-v2995469\" target=\"_blank\" rel=\"noopener\">M\u00e9t\u00e9o Marseille<\/a>.<\/p>\n","protected":false},"excerpt":{"rendered":"\u00c0 Marseille, la journ\u00e9e du dimanche 04 janvier 2026 sera fra\u00eeche avec un ciel allant de l\u00e9g\u00e8rement nuageux&hellip;\n","protected":false},"author":2,"featured_media":641140,"comment_status":"","ping_status":"","sticky":false,"template":"","format":"standard","meta":{"footnotes":""},"categories":[2814],"tags":[1111,11,1777,674,1011,27,884,12,882,25],"class_list":{"0":"post-641139","1":"post","2":"type-post","3":"status-publish","4":"format-standard","5":"has-post-thumbnail","7":"category-marseille","8":"tag-actu","9":"tag-actualites","10":"tag-eu","11":"tag-europe","12":"tag-fr","13":"tag-france","14":"tag-marseille","15":"tag-news","16":"tag-provence-alpes-cote-dazur","17":"tag-republique-francaise"},"share_on_mastodon":{"url":"https:\/\/pubeurope.com\/@fr\/115838905508438399","error":""},"_links":{"self":[{"href":"https:\/\/www.europesays.com\/fr\/wp-json\/wp\/v2\/posts\/641139","targetHints":{"allow":["GET"]}}],"collection":[{"href":"https:\/\/www.europesays.com\/fr\/wp-json\/wp\/v2\/posts"}],"about":[{"href":"https:\/\/www.europesays.com\/fr\/wp-json\/wp\/v2\/types\/post"}],"author":[{"embeddable":true,"href":"https:\/\/www.europesays.com\/fr\/wp-json\/wp\/v2\/users\/2"}],"replies":[{"embeddable":true,"href":"https:\/\/www.europesays.com\/fr\/wp-json\/wp\/v2\/comments?post=641139"}],"version-history":[{"count":0,"href":"https:\/\/www.europesays.com\/fr\/wp-json\/wp\/v2\/posts\/641139\/revisions"}],"wp:featuredmedia":[{"embeddable":true,"href":"https:\/\/www.europesays.com\/fr\/wp-json\/wp\/v2\/media\/641140"}],"wp:attachment":[{"href":"https:\/\/www.europesays.com\/fr\/wp-json\/wp\/v2\/media?parent=641139"}],"wp:term":[{"taxonomy":"category","embeddable":true,"href":"https:\/\/www.europesays.com\/fr\/wp-json\/wp\/v2\/categories?post=641139"},{"taxonomy":"post_tag","embeddable":true,"href":"https:\/\/www.europesays.com\/fr\/wp-json\/wp\/v2\/tags?post=641139"}],"curies":[{"name":"wp","href":"https:\/\/api.w.org\/{rel}","templated":true}]}}