{"id":64114,"date":"2025-04-30T10:16:13","date_gmt":"2025-04-30T10:16:13","guid":{"rendered":"https:\/\/www.europesays.com\/fr\/64114\/"},"modified":"2025-04-30T10:16:13","modified_gmt":"2025-04-30T10:16:13","slug":"laurent-wauquiez-en-meeting-a-louviers-bruno-retailleau-attendu-pres-de-rouen","status":"publish","type":"post","link":"https:\/\/www.europesays.com\/fr\/64114\/","title":{"rendered":"Laurent Wauquiez en meeting \u00e0 Louviers, Bruno Retailleau attendu pr\u00e8s de Rouen"},"content":{"rendered":"<p>            Par<br \/>\n        <strong><br \/>\n            <a href=\"https:\/\/actu.fr\/auteur\/pierre-choisnet\" title=\"Consulter tous les articles de Pierre Choisnet\" target=\"_blank\" rel=\"noopener\">Pierre Choisnet<\/a><br \/>\n        <\/strong><\/p>\n<p>        Publi\u00e9 le<\/p>\n<p>            30 avr. 2025 \u00e0 11h16        <\/p>\n<p>La bataille pour la <b>pr\u00e9sidence du parti Les R\u00e9publicains<\/b> (LR) entre dans une phase active sur le terrain. <b>Deux des principaux pr\u00e9tendants<\/b>, le d\u00e9put\u00e9\u00a0<b>Laurent Wauquiez<\/b> et le ministre <b>Bruno Retailleau<\/b>, ont pr\u00e9vu de venir \u00e0 la <b>rencontre des militants en Normandie<\/b> dans les prochains jours.<\/p>\n<p>Laurent Wauquiez \u00e0 Louviers ce 1er mai<\/p>\n<p class=\" wall-content\">Figure de l\u2019aile droite du parti, l\u2019ancien pr\u00e9sident de la r\u00e9gion Auvergne-Rh\u00f4ne-Alpes et actuel d\u00e9put\u00e9 de Haute-Loire, <b>Laurent Wauquiez<\/b>, sera pr\u00e9sent \u00e0 <a href=\"https:\/\/actu.fr\/normandie\/louviers_27375\" target=\"_blank\" rel=\"noopener\">Louviers<\/a> (Eure) ce <b>jeudi 1er\u00a0mai 2025 \u00e0 18\u2009h<\/b>. Il participera \u00e0 une r\u00e9union avec les militants de la f\u00e9d\u00e9ration d\u00e9partementale, organis\u00e9e \u00e0 la Salle des Colonnes, cour de la mairie, (19 rue Mend\u00e8s France). Un rendez-vous qui s\u2019inscrit dans une volont\u00e9 d\u2019ancrage local \u00e0 l\u2019heure o\u00f9 Les R\u00e9publicains cherchent un nouveau souffle.<\/p>\n<p>Retailleau \u00e0 Saint-Martin-du-Vivier le 6\u00a0mai<\/p>\n<p class=\" wall-content\">De son c\u00f4t\u00e9, l\u2019ancien s\u00e9nateur de Vend\u00e9e et actuel ministre de l\u2019Int\u00e9rieur, <b>Bruno Retailleau<\/b>, tiendra une r\u00e9union publique en Seine-Maritime, le mardi 6\u00a0mai \u00e0 19\u2009h\u200930, dans la salle des f\u00eates \u201cLe Vivier\u201d \u00e0 Saint-Martin-du-Vivier, pr\u00e8s de Rouen. Moins frontal dans le ton, mais tout aussi d\u00e9termin\u00e9, le parlementaire entend convaincre les militants d\u2019une ligne plus classique et r\u00e9publicaine.<\/p>\n<p class=\" wall-content\">Bruno Retailleau est d\u00e9j\u00e0 venu dans l\u2019Eure r\u00e9cemment. C\u2019\u00e9tait pour les m\u00eames raisons <a href=\"https:\/\/actu.fr\/normandie\/le-neubourg_27428\/bruno-retailleau-en-campagne-dans-leure-pour-la-presidence-des-republicains_62487008.html\" target=\"_blank\" rel=\"noopener\">au Neubourg, le mardi 8\u00a0avril 2025<\/a>.<\/p>\n<p>\u00c9lection les 17 et 24\u00a0mai<\/p>\n<p class=\" wall-content\">Ces d\u00e9placements illustrent l\u2019importance cruciale accord\u00e9e aux f\u00e9d\u00e9rations locales dans cette campagne interne, alors que les 75\u2009000\u00a0adh\u00e9rents LR seront appel\u00e9s \u00e0 voter les 17\u00a0mai (premier tour) et 24\u00a0mai (second tour).\u00a0Louviers, comme d\u2019autres bastions normands, s\u2019impose donc comme une \u00e9tape strat\u00e9gique dans ce duel politique.<\/p>\n<p>Vid\u00e9os : en ce moment sur Actu<\/p>\n<p class=\" wall-content\">Suivez toute l\u2019actualit\u00e9 de vos villes et m\u00e9dias favoris en vous inscrivant \u00e0 <a href=\"https:\/\/moncompte.actu.fr\" title=\"D\u00e9couvez Mon Actu\" rel=\"nofollow noopener\" data-trk=\"{&quot;cta&quot;:{&quot;action&quot;:&quot;https:\\\/\\\/moncompte.actu.fr&quot;,&quot;category&quot;:&quot;mon compte&quot;,&quot;from&quot;:&quot;article footer&quot;,&quot;name&quot;:&quot;Mon actu&quot;,&quot;type&quot;:&quot;cta&quot;}}\" target=\"_blank\">Mon Actu<\/a>.<\/p>\n","protected":false},"excerpt":{"rendered":"Par Pierre Choisnet Publi\u00e9 le 30 avr. 2025 \u00e0 11h16 La bataille pour la pr\u00e9sidence du parti Les&hellip;\n","protected":false},"author":2,"featured_media":64115,"comment_status":"","ping_status":"","sticky":false,"template":"","format":"standard","meta":{"footnotes":""},"categories":[9587],"tags":[1111,11,16293,1013,1777,674,1011,27,5639,12,5161,316,25,9590],"class_list":{"0":"post-64114","1":"post","2":"type-post","3":"status-publish","4":"format-standard","5":"has-post-thumbnail","7":"category-rouen","8":"tag-actu","9":"tag-actualites","10":"tag-agglomeration-seine-eure","11":"tag-bruno-retailleau","12":"tag-eu","13":"tag-europe","14":"tag-fr","15":"tag-france","16":"tag-laurent-wauquiez","17":"tag-news","18":"tag-normandie","19":"tag-politique","20":"tag-republique-francaise","21":"tag-rouen"},"share_on_mastodon":{"url":"https:\/\/pubeurope.com\/@fr\/114426398875574950","error":""},"_links":{"self":[{"href":"https:\/\/www.europesays.com\/fr\/wp-json\/wp\/v2\/posts\/64114","targetHints":{"allow":["GET"]}}],"collection":[{"href":"https:\/\/www.europesays.com\/fr\/wp-json\/wp\/v2\/posts"}],"about":[{"href":"https:\/\/www.europesays.com\/fr\/wp-json\/wp\/v2\/types\/post"}],"author":[{"embeddable":true,"href":"https:\/\/www.europesays.com\/fr\/wp-json\/wp\/v2\/users\/2"}],"replies":[{"embeddable":true,"href":"https:\/\/www.europesays.com\/fr\/wp-json\/wp\/v2\/comments?post=64114"}],"version-history":[{"count":0,"href":"https:\/\/www.europesays.com\/fr\/wp-json\/wp\/v2\/posts\/64114\/revisions"}],"wp:featuredmedia":[{"embeddable":true,"href":"https:\/\/www.europesays.com\/fr\/wp-json\/wp\/v2\/media\/64115"}],"wp:attachment":[{"href":"https:\/\/www.europesays.com\/fr\/wp-json\/wp\/v2\/media?parent=64114"}],"wp:term":[{"taxonomy":"category","embeddable":true,"href":"https:\/\/www.europesays.com\/fr\/wp-json\/wp\/v2\/categories?post=64114"},{"taxonomy":"post_tag","embeddable":true,"href":"https:\/\/www.europesays.com\/fr\/wp-json\/wp\/v2\/tags?post=64114"}],"curies":[{"name":"wp","href":"https:\/\/api.w.org\/{rel}","templated":true}]}}