{"id":641141,"date":"2026-01-04T21:16:11","date_gmt":"2026-01-04T21:16:11","guid":{"rendered":"https:\/\/www.europesays.com\/fr\/641141\/"},"modified":"2026-01-04T21:16:11","modified_gmt":"2026-01-04T21:16:11","slug":"meteo-des-chutes-de-neige-annoncees-a-lyon-et-dans-le-rhone-voici-ou-et-quand","status":"publish","type":"post","link":"https:\/\/www.europesays.com\/fr\/641141\/","title":{"rendered":"M\u00e9t\u00e9o. Des chutes de neige annonc\u00e9es \u00e0 Lyon et dans le Rh\u00f4ne : voici o\u00f9 et quand"},"content":{"rendered":"<p>                    Par<br \/>\n        <strong><br \/>\n            <a href=\"https:\/\/actu.fr\/auteur\/redaction-lyon\" title=\"Consulter tous les articles de R\u00e9daction Lyon\" target=\"_blank\" rel=\"noopener\">R\u00e9daction Lyon<\/a><br \/>\n                    <\/strong><\/p>\n<p>        Publi\u00e9 le<\/p>\n<p>            4 janv. 2026 \u00e0 19h52        <\/p>\n<p>La <a href=\"https:\/\/actu.fr\/tag\/neige\" target=\"_blank\" rel=\"noopener\">neige<\/a>, le retour. Apr\u00e8s une premi\u00e8re offensive en d\u00e9cembre, ce d\u00e9but janvier doit \u00eatre marqu\u00e9 par de nouveaux flocons sur une grande partie de la France. Le Rh\u00f4ne doit conna\u00eetre des chutes de neige cette semaine du 5 janvier 2026.<\/p>\n<p class=\" wall-content\">Le froid est en tout cas en train de s\u2019installer, <a href=\"https:\/\/actu.fr\/tag\/meteo-france\" target=\"_blank\" rel=\"noopener\">M\u00e9t\u00e9o-France<\/a> a plac\u00e9 le d\u00e9partement du Rh\u00f4ne en vigilance jaune grand froid ce dimanche 4 et lundi 5 janvier. Les temp\u00e9ratures seront n\u00e9gatives toute la semaine. Dans le m\u00eame temps, <a href=\"https:\/\/actu.fr\/meteo\/neige-meteo-france-declenche-la-vigilance-orange-dans-sept-departements-pour-lundi-les-previsions_63648673.html\" target=\"_blank\" rel=\"noopener\">sept premiers d\u00e9partements sont plac\u00e9s en vigilance orange neige-verglas<\/a>.<\/p>\n<p>Des premi\u00e8res chutes de neige dans la nuit de lundi<\/p>\n<p class=\" wall-content\">Les premiers flocons doivent tomber sur le Rh\u00f4ne d\u00e8s ce lundi 5 janvier, dans la soir\u00e9e sur les secteurs de Tarare avec des temp\u00e9ratures tr\u00e8s froides de -4\u00b0C. Dans la nuit, les flocons sont attendus sur Thizy ou encore Trades. Tout le d\u00e9partement sera frapp\u00e9 par des gel\u00e9es nocturnes.\u00a0<\/p>\n<p class=\" wall-content\">Mardi matin, de la neige est annonc\u00e9e dans les secteurs de Trades, Thizy, Belleville, Villefranche-sur-Sa\u00f4ne, Neuville-sur-Sa\u00f4ne, L\u2019Arbresle, Lyon, Soucieu-en-Jarrest et Saint-Symphorien-sur-Coize.<\/p>\n<p class=\" wall-content\">Dans la soir\u00e9e, de nouveaux flocons sont possibles \u00e0 Trades, Thizy, Neuville-sur-Sa\u00f4ne.<\/p>\n<p class=\" wall-content\">\n<p>Retour de la neige dans la nuit de mercredi \u00e0 jeudi<\/p>\n<p class=\" wall-content\">M\u00e9t\u00e9o-France annonce des flocons g\u00e9n\u00e9ralis\u00e9s \u00e0 tout le Rh\u00f4ne dans la nuit de mercredi \u00e0 jeudi \u00e0 l\u2019exception de Lyon.\u00a0<\/p>\n<p>    <img   decoding=\"async\" loading=\"lazy\" src=\"https:\/\/www.europesays.com\/fr\/wp-content\/uploads\/2026\/01\/capture-decran-2026-01-04-a-194427-960x640.png\" alt=\"De la neige est annonc\u00e9e sur le Rh\u00f4ne dans la nuit de mercredi \u00e0 jeudi.\" width=\"960\" height=\"640\"\/><br \/>\n    De la neige est annonc\u00e9e sur le Rh\u00f4ne dans la nuit de mercredi \u00e0 jeudi. (\u00a9M\u00e9t\u00e9o-France)<\/p>\n<p>Votre r\u00e9gion, votre actu !<\/p>\n<p>Recevez chaque jour les infos qui comptent pour vous.<\/p>\n<p>\t<a href=\"https:\/\/actu.fr\/newsletter\" class=\"ac-btn ac-btn--corner ac-btn--medium ac-btn--blue800\" target=\"_blank\" rel=\"noopener\">S&rsquo;incrire<\/a><\/p>\n<p class=\" wall-content\">Jeudi matin, de la neige et de la pluie m\u00eal\u00e9es sont annonc\u00e9es dans les secteurs de Beaujeu, Trades, Thizy, Tarare, L\u2019Arbresle, Pusignan, Saint-Symphorien-sur-Coize ou encore Soucieu-en-Jarrest.\u00a0<\/p>\n<p class=\" wall-content\">La fin de la semaine s\u2019annonce pluvieuse avec une remont\u00e9e des temp\u00e9ratures. Vendredi, elles seront comprises entre 5 et 8\u00b0C dans l\u2019apr\u00e8s-midi.<\/p>\n<p class=\" wall-content\">Personnalisez votre actualit\u00e9 en ajoutant vos villes et m\u00e9dias en favori avec <a href=\"https:\/\/moncompte.actu.fr\" title=\"D\u00e9couvez Mon Actu\" rel=\"nofollow noopener\" data-trk=\"{&quot;cta&quot;:{&quot;action&quot;:&quot;https:\\\/\\\/moncompte.actu.fr&quot;,&quot;category&quot;:&quot;mon compte&quot;,&quot;from&quot;:&quot;article footer&quot;,&quot;name&quot;:&quot;Mon actu&quot;,&quot;type&quot;:&quot;cta&quot;}}\" target=\"_blank\">Mon Actu<\/a>.<\/p>\n","protected":false},"excerpt":{"rendered":"Par R\u00e9daction Lyon Publi\u00e9 le 4 janv. 2026 \u00e0 19h52 La neige, le retour. Apr\u00e8s une premi\u00e8re offensive&hellip;\n","protected":false},"author":2,"featured_media":641142,"comment_status":"","ping_status":"","sticky":false,"template":"","format":"standard","meta":{"footnotes":""},"categories":[1889],"tags":[1111,11,2430,1777,674,1011,27,3447,2428,2487,2357,10584,12,25],"class_list":{"0":"post-641141","1":"post","2":"type-post","3":"status-publish","4":"format-standard","5":"has-post-thumbnail","7":"category-lyon","8":"tag-actu","9":"tag-actualites","10":"tag-auvergne-rhone-alpes","11":"tag-eu","12":"tag-europe","13":"tag-fr","14":"tag-france","15":"tag-froid","16":"tag-lyon","17":"tag-meteo","18":"tag-meteo-france","19":"tag-neige","20":"tag-news","21":"tag-republique-francaise"},"share_on_mastodon":{"url":"https:\/\/pubeurope.com\/@fr\/115838909434055772","error":""},"_links":{"self":[{"href":"https:\/\/www.europesays.com\/fr\/wp-json\/wp\/v2\/posts\/641141","targetHints":{"allow":["GET"]}}],"collection":[{"href":"https:\/\/www.europesays.com\/fr\/wp-json\/wp\/v2\/posts"}],"about":[{"href":"https:\/\/www.europesays.com\/fr\/wp-json\/wp\/v2\/types\/post"}],"author":[{"embeddable":true,"href":"https:\/\/www.europesays.com\/fr\/wp-json\/wp\/v2\/users\/2"}],"replies":[{"embeddable":true,"href":"https:\/\/www.europesays.com\/fr\/wp-json\/wp\/v2\/comments?post=641141"}],"version-history":[{"count":0,"href":"https:\/\/www.europesays.com\/fr\/wp-json\/wp\/v2\/posts\/641141\/revisions"}],"wp:featuredmedia":[{"embeddable":true,"href":"https:\/\/www.europesays.com\/fr\/wp-json\/wp\/v2\/media\/641142"}],"wp:attachment":[{"href":"https:\/\/www.europesays.com\/fr\/wp-json\/wp\/v2\/media?parent=641141"}],"wp:term":[{"taxonomy":"category","embeddable":true,"href":"https:\/\/www.europesays.com\/fr\/wp-json\/wp\/v2\/categories?post=641141"},{"taxonomy":"post_tag","embeddable":true,"href":"https:\/\/www.europesays.com\/fr\/wp-json\/wp\/v2\/tags?post=641141"}],"curies":[{"name":"wp","href":"https:\/\/api.w.org\/{rel}","templated":true}]}}