{"id":641143,"date":"2026-01-04T21:17:18","date_gmt":"2026-01-04T21:17:18","guid":{"rendered":"https:\/\/www.europesays.com\/fr\/641143\/"},"modified":"2026-01-04T21:17:18","modified_gmt":"2026-01-04T21:17:18","slug":"ces-locataires-refusent-de-grelotter-un-hiver-de-plus-et-envoient-lhuissier-chez-le-bailleur","status":"publish","type":"post","link":"https:\/\/www.europesays.com\/fr\/641143\/","title":{"rendered":"ces locataires refusent de grelotter un hiver de plus et envoient l\u2019huissier chez le bailleur"},"content":{"rendered":"<p>Des radiateurs ti\u00e8des et une col\u00e8re froide. Ce vendredi, au sein de la r\u00e9sidence sociale Le Roncevaux, situ\u00e9e entre le cours Charlemagne et la rue Seguin, dans le quartier de Perrache (2e), le mercure peine \u00e0 d\u00e9coller. D\u2019un logement \u00e0 l\u2019autre, il oscille entre 15 et 17\u00b0C.<\/p>\n<p>Des temp\u00e9ratures nettement inf\u00e9rieures au seuil r\u00e9glementaire de 19\u00b0C &#8211; \u00e9tonnant pour cet ensemble immobilier sorti de terre en 2021 &#8211; et une situation d\u2019inconfort qui exasp\u00e8re les locataires. Tous parlent d\u2019une d\u00e9faillance prolong\u00e9e du syst\u00e8me de chauffage.<\/p>\n<p>\u00ab\u00a0Les enfants ne dorment pas sans leur bouillotte\u00a0\u00bb<\/p>\n<p>Saida habite au deuxi\u00e8me \u00e9tage de la r\u00e9sidence. \u00ab\u00a0Touchez le radiateur, \u00e7a chauffe \u00e0 peine. Je suis pourtant \u00e0 fond.\u00a0\u00bb Bonnet sur la t\u00eate et manteau sur les \u00e9paules, elle d\u00e9gaine son t\u00e9l\u00e9phone. Verdict\u00a0: 15,7\u00b0C selon une application mobile&#8230;<\/p>\n","protected":false},"excerpt":{"rendered":"Des radiateurs ti\u00e8des et une col\u00e8re froide. Ce vendredi, au sein de la r\u00e9sidence sociale Le Roncevaux, situ\u00e9e&hellip;\n","protected":false},"author":2,"featured_media":641144,"comment_status":"","ping_status":"","sticky":false,"template":"","format":"standard","meta":{"footnotes":""},"categories":[1889],"tags":[1111,11,2430,2757,1777,674,1011,27,1908,2428,2756,12,25,2429,3151,104],"class_list":{"0":"post-641143","1":"post","2":"type-post","3":"status-publish","4":"format-standard","5":"has-post-thumbnail","7":"category-lyon","8":"tag-actu","9":"tag-actualites","10":"tag-auvergne-rhone-alpes","11":"tag-edition-lyon-villeurbanne","12":"tag-eu","13":"tag-europe","14":"tag-fr","15":"tag-france","16":"tag-logement","17":"tag-lyon","18":"tag-lyon-bassin","19":"tag-news","20":"tag-republique-francaise","21":"tag-rhone","22":"tag-selection-de-la-redaction-69","23":"tag-societe"},"share_on_mastodon":{"url":"https:\/\/pubeurope.com\/@fr\/115838913255376693","error":""},"_links":{"self":[{"href":"https:\/\/www.europesays.com\/fr\/wp-json\/wp\/v2\/posts\/641143","targetHints":{"allow":["GET"]}}],"collection":[{"href":"https:\/\/www.europesays.com\/fr\/wp-json\/wp\/v2\/posts"}],"about":[{"href":"https:\/\/www.europesays.com\/fr\/wp-json\/wp\/v2\/types\/post"}],"author":[{"embeddable":true,"href":"https:\/\/www.europesays.com\/fr\/wp-json\/wp\/v2\/users\/2"}],"replies":[{"embeddable":true,"href":"https:\/\/www.europesays.com\/fr\/wp-json\/wp\/v2\/comments?post=641143"}],"version-history":[{"count":0,"href":"https:\/\/www.europesays.com\/fr\/wp-json\/wp\/v2\/posts\/641143\/revisions"}],"wp:featuredmedia":[{"embeddable":true,"href":"https:\/\/www.europesays.com\/fr\/wp-json\/wp\/v2\/media\/641144"}],"wp:attachment":[{"href":"https:\/\/www.europesays.com\/fr\/wp-json\/wp\/v2\/media?parent=641143"}],"wp:term":[{"taxonomy":"category","embeddable":true,"href":"https:\/\/www.europesays.com\/fr\/wp-json\/wp\/v2\/categories?post=641143"},{"taxonomy":"post_tag","embeddable":true,"href":"https:\/\/www.europesays.com\/fr\/wp-json\/wp\/v2\/tags?post=641143"}],"curies":[{"name":"wp","href":"https:\/\/api.w.org\/{rel}","templated":true}]}}