{"id":641147,"date":"2026-01-04T21:20:13","date_gmt":"2026-01-04T21:20:13","guid":{"rendered":"https:\/\/www.europesays.com\/fr\/641147\/"},"modified":"2026-01-04T21:20:13","modified_gmt":"2026-01-04T21:20:13","slug":"paris-et-lile-de-france-apres-la-bretagne-et-la-normandie","status":"publish","type":"post","link":"https:\/\/www.europesays.com\/fr\/641147\/","title":{"rendered":"Paris et l&rsquo;\u00cele-de-France apr\u00e8s la Bretagne et la Normandie\u00a0?"},"content":{"rendered":"<p>                    Par<br \/>\n        <strong><br \/>\n            <a href=\"https:\/\/actu.fr\/auteur\/redaction-paris\" title=\"Consulter tous les articles de R\u00e9daction Paris\" target=\"_blank\" rel=\"noopener\">R\u00e9daction Paris<\/a><br \/>\n                    <\/strong><\/p>\n<p>        Publi\u00e9 le<\/p>\n<p>            4 janv. 2026 \u00e0 21h36        <\/p>\n<p>La <a href=\"https:\/\/actu.fr\/meteo\/neige-meteo-france-declenche-la-vigilance-orange-dans-sept-departements-pour-lundi-les-previsions_63648673.html\" target=\"_blank\" rel=\"noopener\">vigilance orange neige-verglas<\/a> est de mise dans sept d\u00e9partements de Bretagne et normandie pour lundi 5 janvier : Calvados, C\u00f4tes-d\u2019Armor, Eure, Finist\u00e8re, Ille-et-Vilaine, Manche, Seine-Maritime. En cons\u00e9quence, les transports scolaires seront suspendus lundi en Bretagne et en Normandie en raison des chutes de neige annonc\u00e9es, ont indiqu\u00e9 dimanche soir les deux r\u00e9gions.<\/p>\n<p>Un passage possible en vigilance orange selon M\u00e9t\u00e9o-France<\/p>\n<p class=\" wall-content\">\u00ab\u00a0A partir de minuit, les premi\u00e8res averses de <a href=\"https:\/\/actu.fr\/tag\/neige\" target=\"_blank\" rel=\"noopener\">neige<\/a> se mettent en place le long des c\u00f4tes du Calvados, de la Seine-Maritime et de l\u2019Eure avec une tenue rapide au sol compte tenu des temp\u00e9ratures n\u00e9gatives\u00a0\u00bb, explique <a href=\"https:\/\/actu.fr\/tag\/meteo-france\" target=\"_blank\" rel=\"noopener\">M\u00e9t\u00e9o-France<\/a> dans un bulletin dimanche.<\/p>\n<p class=\" wall-content\">De la Manche au Finist\u00e8re, \u00ab\u00a0les chutes de neige d\u00e9buteront en matin\u00e9e et se poursuivront dans l\u2019apr\u00e8s-midi. On attend 3 \u00e0 7 cm de mani\u00e8re assez \u00e9tendue avec des maxima autour de 10 cm possibles sur les hauteurs\u00a0\u00bb, d\u2019apr\u00e8s la m\u00eame source.\u00a0<\/p>\n<p class=\" wall-content\">Quid de l\u2019<a href=\"https:\/\/actu.fr\/meteo\/meteo-des-chutes-de-neige-annoncees-a-paris-et-en-ile-de-france-voici-ou-et-quand_63648665.html\" target=\"_blank\" rel=\"noopener\">\u00cele-de-France<\/a> toute proche de la Normandie, actuellement en vigilance jaune ? \u00ab\u00a0En fonction des \u00e9l\u00e9ments disponibles de la nuit prochaine, une extension de la vigilance orange neige vers les Pays de Loire et l\u2019Ile de France pourrait avoir lieu demain\u00a0\u00bb, indique M\u00e9t\u00e9o-France. Pour le savoir, il faudra attendre la carte \u00e9mise \u00e0 6h.\u00a0<\/p>\n<p class=\" wall-content\">A l\u2019heure actuelle, les pr\u00e9visions indiquent que les pr\u00e9cipitations neigeuses vont s\u2019\u00e9tendre demain matin \u00e0 la Bretagne, \u00e0 la Normandie, aux Hauts-de France puis \u00e0 l\u2019Ile-de-France. Durant l\u2019apr\u00e8s-midi, le passage neigeux devrait s\u2019\u00e9tirer de l\u2019int\u00e9rieur de la Bretagne et des Pays de la Loire \u00e0 la r\u00e9gion parisienne, au nord de la r\u00e9gion Centre-Val de Loire et \u00e0 la Champagne-Ardenne, puis jusqu\u2019en Lorraine :\u00a0 \u00ab\u00a0En g\u00e9n\u00e9ral, les sols blanchissent sous 1 \u00e0 localement 3 cm\u00a0\u00bb.<\/p>\n<p class=\" wall-content\">La Cha\u00eene M\u00e9t\u00e9o, elle,\u00a0 a publi\u00e9 une carte \u00e9voquant jusqu\u2019\u00e0 7 centim\u00e8tres de neige en Seine-et-Marne.\u00a0<\/p>\n<p class=\" wall-content\">\n<p class=\" wall-content\">Personnalisez votre actualit\u00e9 en ajoutant vos villes et m\u00e9dias en favori avec <a href=\"https:\/\/moncompte.actu.fr\" title=\"D\u00e9couvez Mon Actu\" rel=\"nofollow noopener\" data-trk=\"{&quot;cta&quot;:{&quot;action&quot;:&quot;https:\\\/\\\/moncompte.actu.fr&quot;,&quot;category&quot;:&quot;mon compte&quot;,&quot;from&quot;:&quot;article footer&quot;,&quot;name&quot;:&quot;Mon actu&quot;,&quot;type&quot;:&quot;cta&quot;}}\" target=\"_blank\">Mon Actu<\/a>.<\/p>\n","protected":false},"excerpt":{"rendered":"Par R\u00e9daction Paris Publi\u00e9 le 4 janv. 2026 \u00e0 21h36 La vigilance orange neige-verglas est de mise dans&hellip;\n","protected":false},"author":2,"featured_media":641148,"comment_status":"","ping_status":"","sticky":false,"template":"","format":"standard","meta":{"footnotes":""},"categories":[1888],"tags":[1111,1928,11,1927,1777,674,1011,27,3447,2487,2357,10584,12,1926,626,1925,25],"class_list":{"0":"post-641147","1":"post","2":"type-post","3":"status-publish","4":"format-standard","5":"has-post-thumbnail","7":"category-paris","8":"tag-actu","9":"tag-actu-paris","10":"tag-actualites","11":"tag-actualites-paris","12":"tag-eu","13":"tag-europe","14":"tag-fr","15":"tag-france","16":"tag-froid","17":"tag-meteo","18":"tag-meteo-france","19":"tag-neige","20":"tag-news","21":"tag-news-paris","22":"tag-paris","23":"tag-paris-news","24":"tag-republique-francaise"},"share_on_mastodon":{"url":"https:\/\/pubeurope.com\/@fr\/115838925181603441","error":""},"_links":{"self":[{"href":"https:\/\/www.europesays.com\/fr\/wp-json\/wp\/v2\/posts\/641147","targetHints":{"allow":["GET"]}}],"collection":[{"href":"https:\/\/www.europesays.com\/fr\/wp-json\/wp\/v2\/posts"}],"about":[{"href":"https:\/\/www.europesays.com\/fr\/wp-json\/wp\/v2\/types\/post"}],"author":[{"embeddable":true,"href":"https:\/\/www.europesays.com\/fr\/wp-json\/wp\/v2\/users\/2"}],"replies":[{"embeddable":true,"href":"https:\/\/www.europesays.com\/fr\/wp-json\/wp\/v2\/comments?post=641147"}],"version-history":[{"count":0,"href":"https:\/\/www.europesays.com\/fr\/wp-json\/wp\/v2\/posts\/641147\/revisions"}],"wp:featuredmedia":[{"embeddable":true,"href":"https:\/\/www.europesays.com\/fr\/wp-json\/wp\/v2\/media\/641148"}],"wp:attachment":[{"href":"https:\/\/www.europesays.com\/fr\/wp-json\/wp\/v2\/media?parent=641147"}],"wp:term":[{"taxonomy":"category","embeddable":true,"href":"https:\/\/www.europesays.com\/fr\/wp-json\/wp\/v2\/categories?post=641147"},{"taxonomy":"post_tag","embeddable":true,"href":"https:\/\/www.europesays.com\/fr\/wp-json\/wp\/v2\/tags?post=641147"}],"curies":[{"name":"wp","href":"https:\/\/api.w.org\/{rel}","templated":true}]}}